{"id":3700,"date":"2018-11-27T13:57:29","date_gmt":"2018-11-27T13:57:29","guid":{"rendered":"https:\/\/blog.fabricville.com\/?p=3700"},"modified":"2018-11-27T13:58:22","modified_gmt":"2018-11-27T13:58:22","slug":"chalet-chic","status":"publish","type":"post","link":"https:\/\/blog.fabricville.com\/en\/chalet-chic\/","title":{"rendered":"Chalet Chic"},"content":{"rendered":"<p class=\"qtranxs-available-languages-message qtranxs-available-languages-message-en\"><p>Sorry, this entry is only available in French.<\/p><\/p><p><\/p>\n<div>\u00c0 la fin de l&#8217;\u00e9t\u00e9, j&#8217;ai \u00e9t\u00e9 invit\u00e9e \u00e0 une soir\u00e9e de reconnaissance des b\u00e9n\u00e9voles de la ville de LaSalle. Th\u00e8me : Chalet Chic.<\/div>\n<p><!--more--><\/p>\n<div>Ouf! J&#8217;ai fait\u00a0 plusieurs recherches sur Google et Pinterest et je tombais le plus souvent sur des d\u00e9corations int\u00e9rieures de chalet! Ou alors des choses qui ne me plaisaient pas vraiment. J&#8217;ai demand\u00e9 \u00e0 mes coll\u00e8gues mais elles n&#8217;ont pas eu beaucoup plus de succ\u00e8s que moi.<\/div>\n<p>&nbsp;<\/p>\n<p>&nbsp;<\/p>\n<div><img loading=\"lazy\" decoding=\"async\" class=\"size-medium wp-image-3705 aligncenter\" src=\"https:\/\/blog.fabricville.com\/wp-content\/uploads\/2018\/11\/5-1-225x300.jpg\" alt=\"\" width=\"225\" height=\"300\" srcset=\"https:\/\/blog.fabricville.com\/wp-content\/uploads\/2018\/11\/5-1-225x300.jpg 225w, https:\/\/blog.fabricville.com\/wp-content\/uploads\/2018\/11\/5-1.jpg 576w\" sizes=\"(max-width: 225px) 100vw, 225px\" \/><\/div>\n<div>Je d\u00e9cide de prendre les choses diff\u00e9remment : je choisis un patron de robe que je trouve chic et que j&#8217;ai depuis longtemps (et voici ce qui s&#8217;en rapproche le plus : <a href=\"https:\/\/fabricville.com\/fr\/patrons\/butterick\/plus-size\/b6146-misses-women-s-dress-size-xxl-1x-2x-3x-4x-5x-6x.html\">Butterick B6146<\/a>\u00a0et <a href=\"https:\/\/fabricville.com\/fr\/patrons\/mccall-s\/taille-plus\/m7169-misses-women-s-dresses-size-18w-20w-22w-24w.html\">McCall M7169<\/a>) et direction Fabricville pour me trouver un tissu qui fasse chalet : ce <a href=\"https:\/\/fabricville.com\/fr\/tartan-suiting-buffalo-check-red-black.html\">joli tartan \u00e0 costume<\/a> . Bien heureuse, je retourne chez moi et commence \u00e0 d\u00e9couper le tissu, pour m&#8217;apercevoir qu&#8217;il m&#8217;en manque 1 m\u00e8tre! Je ne sais pas o\u00f9 je me suis tromp\u00e9e mais il est clair que je vais devoir retourner au magasin pour racheter le m\u00e9trage pour faire le devant de ma robe (ben oui, c&#8217;est assez emb\u00eatant une robe avec juste l&#8217;arri\u00e8re!). J&#8217;attends la fin de semaine et retourne au Fabricville pour chercher mon tissu.<\/div>\n<div><img loading=\"lazy\" decoding=\"async\" class=\"alignnone wp-image-3701 size-full\" src=\"https:\/\/blog.fabricville.com\/wp-content\/uploads\/2018\/11\/1.jpg\" alt=\"\" width=\"360\" height=\"640\" srcset=\"https:\/\/blog.fabricville.com\/wp-content\/uploads\/2018\/11\/1.jpg 360w, https:\/\/blog.fabricville.com\/wp-content\/uploads\/2018\/11\/1-169x300.jpg 169w\" sizes=\"(max-width: 360px) 100vw, 360px\" \/> <img loading=\"lazy\" decoding=\"async\" class=\"alignnone wp-image-3703 size-full\" src=\"https:\/\/blog.fabricville.com\/wp-content\/uploads\/2018\/11\/3-1.jpg\" alt=\"\" width=\"360\" height=\"640\" srcset=\"https:\/\/blog.fabricville.com\/wp-content\/uploads\/2018\/11\/3-1.jpg 360w, https:\/\/blog.fabricville.com\/wp-content\/uploads\/2018\/11\/3-1-169x300.jpg 169w\" sizes=\"(max-width: 360px) 100vw, 360px\" \/> \u00a0y\u00e9e et elle Horreur ! Il n&#8217;en reste plus&#8230; Tout est parti tr\u00e8s vite me dit l&#8217;emplome propose de voir avec d&#8217;autres magasins. Mais je n&#8217;ai pas vraiment le temps. Alors je d\u00e9cide de prendre un autre tissu, et h\u00e9site entre deux du m\u00eame genre que le premier tissu : l&#8217;un avec les carreaux plus grands et l&#8217;autre avec un lignage blanc. Press\u00e9e car la soir\u00e9e est le jour m\u00eame (oui je sais je m&#8217;y prends toujours au dernier moment mais je bosse mieux sous pression!), mais pas envie de me tromper, je demande l&#8217;avis d&#8217;une employ\u00e9e : celui avec le lignage. C&#8217;est celui que je n&#8217;avais pas choisi mais je d\u00e9cide de tout de m\u00eame suivre son avis. J&#8217;ai donc pris <a href=\"https:\/\/fabricville.com\/fr\/tissus\/tissus-vetements\/tissus-a-costume\/suiting-stripes-checks.html?p=3\">ce tissu<\/a>.<\/div>\n<div>Et je dois avouer qu&#8217;elle avait enti\u00e8rement raison! Mon cavalier m&#8217;a trouv\u00e9e superbe et j&#8217;ai eu plusieurs compliments sur ma tenue. J&#8217;en suis assez fi\u00e8re d&#8217;ailleurs. J&#8217;aime voir la r\u00e9action des gens quand je dis : merci c&#8217;est moi qui l&#8217;ai fait! Pas de fiert\u00e9 mal plac\u00e9e ici, seulement la reconnaissance par d&#8217;autres du travail accompli. Et \u00e7a fait du bien car vous le savez comme moi, nous avons toujours un oeil tr\u00e8s critique sur nos r\u00e9alisations.<\/div>\n<div>Voil\u00e0 donc ma tenue pour cette soir\u00e9e &#8221;Chalet Chic&#8221;, je pense que je suis dans le th\u00e8me non ?<\/div>\n<div><img loading=\"lazy\" decoding=\"async\" class=\"aligncenter wp-image-3704 size-full\" src=\"https:\/\/blog.fabricville.com\/wp-content\/uploads\/2018\/11\/4-1.jpg\" alt=\"\" width=\"576\" height=\"768\" srcset=\"https:\/\/blog.fabricville.com\/wp-content\/uploads\/2018\/11\/4-1.jpg 576w, https:\/\/blog.fabricville.com\/wp-content\/uploads\/2018\/11\/4-1-225x300.jpg 225w\" sizes=\"(max-width: 576px) 100vw, 576px\" \/><\/div>\n<p><\/p>","protected":false},"excerpt":{"rendered":"<p class=\"qtranxs-available-languages-message qtranxs-available-languages-message-en\">\n<p>Sorry, this entry is only available in French.<\/p>\n<\/p>\n<p>\u00c0 la fin de l&#8217;\u00e9t\u00e9, j&#8217;ai \u00e9t\u00e9 invit\u00e9e \u00e0 une soir\u00e9e de reconnaissance des b\u00e9n\u00e9voles de la ville de LaSalle. Th\u00e8me : Chalet Chic.  <a href=\"https:\/\/blog.fabricville.com\/en\/chalet-chic\/\">&nbsp;&raquo;&nbsp;Read more about: Chalet Chic &nbsp;&raquo;<\/a><\/p>\n","protected":false},"author":29,"featured_media":3701,"comment_status":"open","ping_status":"open","sticky":false,"template":"","format":"standard","meta":{"footnotes":""},"categories":[40,1],"tags":[],"class_list":["post-3700","post","type-post","status-publish","format-standard","has-post-thumbnail","hentry","category-fashion","category-uncategorized"],"yoast_head":"<!-- This site is optimized with the Yoast SEO plugin v25.6 - https:\/\/yoast.com\/wordpress\/plugins\/seo\/ -->\n<title>Chalet Chic | Fabricville Canadian Sewing Blog<\/title>\n<meta name=\"robots\" content=\"index, follow, max-snippet:-1, max-image-preview:large, max-video-preview:-1\" \/>\n<link rel=\"canonical\" href=\"https:\/\/blog.fabricville.com\/chalet-chic\/\" \/>\n<meta property=\"og:locale\" content=\"en_US\" \/>\n<meta property=\"og:type\" content=\"article\" \/>\n<meta property=\"og:title\" content=\"Chalet Chic | Fabricville Canadian Sewing Blog\" \/>\n<meta property=\"og:description\" content=\"Sorry, this entry is only available in French. \u00c0 la fin de l&#8217;\u00e9t\u00e9, j&#8217;ai \u00e9t\u00e9 invit\u00e9e \u00e0 une soir\u00e9e de reconnaissance des b\u00e9n\u00e9voles de la ville de LaSalle. Th\u00e8me : Chalet Chic. &nbsp;&raquo;&nbsp;Read more about: Chalet Chic &nbsp;&raquo;\" \/>\n<meta property=\"og:url\" content=\"https:\/\/blog.fabricville.com\/chalet-chic\/\" \/>\n<meta property=\"og:site_name\" content=\"Fabricville Canadian Sewing Blog\" \/>\n<meta property=\"article:publisher\" content=\"https:\/\/www.facebook.com\/fabricville\" \/>\n<meta property=\"article:published_time\" content=\"2018-11-27T13:57:29+00:00\" \/>\n<meta property=\"article:modified_time\" content=\"2018-11-27T13:58:22+00:00\" \/>\n<meta property=\"og:image\" content=\"https:\/\/blog.fabricville.com\/wp-content\/uploads\/2018\/11\/1.jpg\" \/>\n\t<meta property=\"og:image:width\" content=\"360\" \/>\n\t<meta property=\"og:image:height\" content=\"640\" \/>\n\t<meta property=\"og:image:type\" content=\"image\/jpeg\" \/>\n<meta name=\"author\" content=\"Virginie Bissinger\" \/>\n<meta name=\"twitter:card\" content=\"summary_large_image\" \/>\n<meta name=\"twitter:creator\" content=\"@fabricville\" \/>\n<meta name=\"twitter:site\" content=\"@fabricville\" \/>\n<meta name=\"twitter:label1\" content=\"Written by\" \/>\n\t<meta name=\"twitter:data1\" content=\"Virginie Bissinger\" \/>\n\t<meta name=\"twitter:label2\" content=\"Est. reading time\" \/>\n\t<meta name=\"twitter:data2\" content=\"2 minutes\" \/>\n<script type=\"application\/ld+json\" class=\"yoast-schema-graph\">{\"@context\":\"https:\/\/schema.org\",\"@graph\":[{\"@type\":\"WebPage\",\"@id\":\"https:\/\/blog.fabricville.com\/chalet-chic\/\",\"url\":\"https:\/\/blog.fabricville.com\/chalet-chic\/\",\"name\":\"Chalet Chic | Fabricville Canadian Sewing Blog\",\"isPartOf\":{\"@id\":\"https:\/\/blog.fabricville.com\/en\/#website\"},\"primaryImageOfPage\":{\"@id\":\"https:\/\/blog.fabricville.com\/chalet-chic\/#primaryimage\"},\"image\":{\"@id\":\"https:\/\/blog.fabricville.com\/chalet-chic\/#primaryimage\"},\"thumbnailUrl\":\"https:\/\/blog.fabricville.com\/wp-content\/uploads\/2018\/11\/1.jpg\",\"datePublished\":\"2018-11-27T13:57:29+00:00\",\"dateModified\":\"2018-11-27T13:58:22+00:00\",\"author\":{\"@id\":\"https:\/\/blog.fabricville.com\/en\/#\/schema\/person\/68782cd2648495159f672939cbd3209d\"},\"breadcrumb\":{\"@id\":\"https:\/\/blog.fabricville.com\/chalet-chic\/#breadcrumb\"},\"inLanguage\":\"en-US\",\"potentialAction\":[{\"@type\":\"ReadAction\",\"target\":[\"https:\/\/blog.fabricville.com\/chalet-chic\/\"]}]},{\"@type\":\"ImageObject\",\"inLanguage\":\"en-US\",\"@id\":\"https:\/\/blog.fabricville.com\/chalet-chic\/#primaryimage\",\"url\":\"https:\/\/blog.fabricville.com\/wp-content\/uploads\/2018\/11\/1.jpg\",\"contentUrl\":\"https:\/\/blog.fabricville.com\/wp-content\/uploads\/2018\/11\/1.jpg\",\"width\":360,\"height\":640},{\"@type\":\"BreadcrumbList\",\"@id\":\"https:\/\/blog.fabricville.com\/chalet-chic\/#breadcrumb\",\"itemListElement\":[{\"@type\":\"ListItem\",\"position\":1,\"name\":\"Home\",\"item\":\"https:\/\/blog.fabricville.com\/en\/\"},{\"@type\":\"ListItem\",\"position\":2,\"name\":\"Chalet Chic\"}]},{\"@type\":\"WebSite\",\"@id\":\"https:\/\/blog.fabricville.com\/en\/#website\",\"url\":\"https:\/\/blog.fabricville.com\/en\/\",\"name\":\"Fabricville Canadian Sewing Blog\",\"description\":\"\",\"potentialAction\":[{\"@type\":\"SearchAction\",\"target\":{\"@type\":\"EntryPoint\",\"urlTemplate\":\"https:\/\/blog.fabricville.com\/en\/?s={search_term_string}\"},\"query-input\":{\"@type\":\"PropertyValueSpecification\",\"valueRequired\":true,\"valueName\":\"search_term_string\"}}],\"inLanguage\":\"en-US\"},{\"@type\":\"Person\",\"@id\":\"https:\/\/blog.fabricville.com\/en\/#\/schema\/person\/68782cd2648495159f672939cbd3209d\",\"name\":\"Virginie Bissinger\",\"image\":{\"@type\":\"ImageObject\",\"inLanguage\":\"en-US\",\"@id\":\"https:\/\/blog.fabricville.com\/en\/#\/schema\/person\/image\/\",\"url\":\"https:\/\/blog.fabricville.com\/wp-content\/uploads\/2019\/01\/C360_2019-01-19-15-41-39-582.jpg\",\"contentUrl\":\"https:\/\/blog.fabricville.com\/wp-content\/uploads\/2019\/01\/C360_2019-01-19-15-41-39-582.jpg\",\"caption\":\"Virginie Bissinger\"},\"url\":\"https:\/\/blog.fabricville.com\/en\/author\/virginie-bissinger\/\"}]}<\/script>\n<!-- \/ Yoast SEO plugin. -->","yoast_head_json":{"title":"Chalet Chic | Fabricville Canadian Sewing Blog","robots":{"index":"index","follow":"follow","max-snippet":"max-snippet:-1","max-image-preview":"max-image-preview:large","max-video-preview":"max-video-preview:-1"},"canonical":"https:\/\/blog.fabricville.com\/chalet-chic\/","og_locale":"en_US","og_type":"article","og_title":"Chalet Chic | Fabricville Canadian Sewing Blog","og_description":"Sorry, this entry is only available in French. \u00c0 la fin de l&#8217;\u00e9t\u00e9, j&#8217;ai \u00e9t\u00e9 invit\u00e9e \u00e0 une soir\u00e9e de reconnaissance des b\u00e9n\u00e9voles de la ville de LaSalle. Th\u00e8me : Chalet Chic. &nbsp;&raquo;&nbsp;Read more about: Chalet Chic &nbsp;&raquo;","og_url":"https:\/\/blog.fabricville.com\/chalet-chic\/","og_site_name":"Fabricville Canadian Sewing Blog","article_publisher":"https:\/\/www.facebook.com\/fabricville","article_published_time":"2018-11-27T13:57:29+00:00","article_modified_time":"2018-11-27T13:58:22+00:00","og_image":[{"width":360,"height":640,"url":"https:\/\/blog.fabricville.com\/wp-content\/uploads\/2018\/11\/1.jpg","type":"image\/jpeg"}],"author":"Virginie Bissinger","twitter_card":"summary_large_image","twitter_creator":"@fabricville","twitter_site":"@fabricville","twitter_misc":{"Written by":"Virginie Bissinger","Est. reading time":"2 minutes"},"schema":{"@context":"https:\/\/schema.org","@graph":[{"@type":"WebPage","@id":"https:\/\/blog.fabricville.com\/chalet-chic\/","url":"https:\/\/blog.fabricville.com\/chalet-chic\/","name":"Chalet Chic | Fabricville Canadian Sewing Blog","isPartOf":{"@id":"https:\/\/blog.fabricville.com\/en\/#website"},"primaryImageOfPage":{"@id":"https:\/\/blog.fabricville.com\/chalet-chic\/#primaryimage"},"image":{"@id":"https:\/\/blog.fabricville.com\/chalet-chic\/#primaryimage"},"thumbnailUrl":"https:\/\/blog.fabricville.com\/wp-content\/uploads\/2018\/11\/1.jpg","datePublished":"2018-11-27T13:57:29+00:00","dateModified":"2018-11-27T13:58:22+00:00","author":{"@id":"https:\/\/blog.fabricville.com\/en\/#\/schema\/person\/68782cd2648495159f672939cbd3209d"},"breadcrumb":{"@id":"https:\/\/blog.fabricville.com\/chalet-chic\/#breadcrumb"},"inLanguage":"en-US","potentialAction":[{"@type":"ReadAction","target":["https:\/\/blog.fabricville.com\/chalet-chic\/"]}]},{"@type":"ImageObject","inLanguage":"en-US","@id":"https:\/\/blog.fabricville.com\/chalet-chic\/#primaryimage","url":"https:\/\/blog.fabricville.com\/wp-content\/uploads\/2018\/11\/1.jpg","contentUrl":"https:\/\/blog.fabricville.com\/wp-content\/uploads\/2018\/11\/1.jpg","width":360,"height":640},{"@type":"BreadcrumbList","@id":"https:\/\/blog.fabricville.com\/chalet-chic\/#breadcrumb","itemListElement":[{"@type":"ListItem","position":1,"name":"Home","item":"https:\/\/blog.fabricville.com\/en\/"},{"@type":"ListItem","position":2,"name":"Chalet Chic"}]},{"@type":"WebSite","@id":"https:\/\/blog.fabricville.com\/en\/#website","url":"https:\/\/blog.fabricville.com\/en\/","name":"Fabricville Canadian Sewing Blog","description":"","potentialAction":[{"@type":"SearchAction","target":{"@type":"EntryPoint","urlTemplate":"https:\/\/blog.fabricville.com\/en\/?s={search_term_string}"},"query-input":{"@type":"PropertyValueSpecification","valueRequired":true,"valueName":"search_term_string"}}],"inLanguage":"en-US"},{"@type":"Person","@id":"https:\/\/blog.fabricville.com\/en\/#\/schema\/person\/68782cd2648495159f672939cbd3209d","name":"Virginie Bissinger","image":{"@type":"ImageObject","inLanguage":"en-US","@id":"https:\/\/blog.fabricville.com\/en\/#\/schema\/person\/image\/","url":"https:\/\/blog.fabricville.com\/wp-content\/uploads\/2019\/01\/C360_2019-01-19-15-41-39-582.jpg","contentUrl":"https:\/\/blog.fabricville.com\/wp-content\/uploads\/2019\/01\/C360_2019-01-19-15-41-39-582.jpg","caption":"Virginie Bissinger"},"url":"https:\/\/blog.fabricville.com\/en\/author\/virginie-bissinger\/"}]}},"_links":{"self":[{"href":"https:\/\/blog.fabricville.com\/en\/wp-json\/wp\/v2\/posts\/3700"}],"collection":[{"href":"https:\/\/blog.fabricville.com\/en\/wp-json\/wp\/v2\/posts"}],"about":[{"href":"https:\/\/blog.fabricville.com\/en\/wp-json\/wp\/v2\/types\/post"}],"author":[{"embeddable":true,"href":"https:\/\/blog.fabricville.com\/en\/wp-json\/wp\/v2\/users\/29"}],"replies":[{"embeddable":true,"href":"https:\/\/blog.fabricville.com\/en\/wp-json\/wp\/v2\/comments?post=3700"}],"version-history":[{"count":3,"href":"https:\/\/blog.fabricville.com\/en\/wp-json\/wp\/v2\/posts\/3700\/revisions"}],"predecessor-version":[{"id":3711,"href":"https:\/\/blog.fabricville.com\/en\/wp-json\/wp\/v2\/posts\/3700\/revisions\/3711"}],"wp:featuredmedia":[{"embeddable":true,"href":"https:\/\/blog.fabricville.com\/en\/wp-json\/wp\/v2\/media\/3701"}],"wp:attachment":[{"href":"https:\/\/blog.fabricville.com\/en\/wp-json\/wp\/v2\/media?parent=3700"}],"wp:term":[{"taxonomy":"category","embeddable":true,"href":"https:\/\/blog.fabricville.com\/en\/wp-json\/wp\/v2\/categories?post=3700"},{"taxonomy":"post_tag","embeddable":true,"href":"https:\/\/blog.fabricville.com\/en\/wp-json\/wp\/v2\/tags?post=3700"}],"curies":[{"name":"wp","href":"https:\/\/api.w.org\/{rel}","templated":true}]}}