{"id":4447,"date":"2019-04-04T13:31:35","date_gmt":"2019-04-04T13:31:35","guid":{"rendered":"https:\/\/blog.fabricville.com\/?p=4447"},"modified":"2019-04-04T15:31:32","modified_gmt":"2019-04-04T15:31:32","slug":"la-veste-aux-manches-volantees","status":"publish","type":"post","link":"https:\/\/blog.fabricville.com\/en\/la-veste-aux-manches-volantees\/","title":{"rendered":"La veste aux manches volant\u00e9es"},"content":{"rendered":"<p class=\"qtranxs-available-languages-message qtranxs-available-languages-message-en\"><p>Sorry, this entry is only available in French.<\/p><\/p><p>D\u00e8s que j\u2019ai vu le patron pour veste\u00a0<a href=\"https:\/\/fabricville.com\/en\/v9338-misses-jacket-size-14-16-18-20-22.html?___from_store=us\">Vogue\u00a0Pattern no 9338<\/a>, j\u2019ai \u00e9t\u00e9 conquise par les d\u00e9tails des manches. Le pli, le volant doubl\u00e9 et la longue attache procurent au v\u00eatement un look haute couture et un brin sophistiqu\u00e9. <!--more-->Les patrons de la marque Vogue Pattern ont toujours \u00e9t\u00e9 mes pr\u00e9f\u00e9r\u00e9s. Ils sont r\u00e9put\u00e9s pour offrir des mod\u00e8les inspir\u00e9s par les plus grands designers. Beaucoup d\u2019entre eux sont faciles \u00e0 r\u00e9aliser et je suis pratiquement toujours satisfaite des r\u00e9sultats.<\/p>\n\n\t\t<style type=\"text\/css\">\n\t\t\t#gallery-1 {\n\t\t\t\tmargin: auto;\n\t\t\t}\n\t\t\t#gallery-1 .gallery-item {\n\t\t\t\tfloat: left;\n\t\t\t\tmargin-top: 10px;\n\t\t\t\ttext-align: center;\n\t\t\t\twidth: 33%;\n\t\t\t}\n\t\t\t#gallery-1 img {\n\t\t\t\tborder: 2px solid #cfcfcf;\n\t\t\t}\n\t\t\t#gallery-1 .gallery-caption {\n\t\t\t\tmargin-left: 0;\n\t\t\t}\n\t\t\t\/* see gallery_shortcode() in wp-includes\/media.php *\/\n\t\t<\/style>\n\t\t<div id='gallery-1' class='gallery galleryid-4447 gallery-columns-3 gallery-size-medium'><dl class='gallery-item'>\n\t\t\t<dt class='gallery-icon portrait'>\n\t\t\t\t<a href='https:\/\/blog.fabricville.com\/en\/patron-v9338\/'><img loading=\"lazy\" decoding=\"async\" width=\"215\" height=\"300\" src=\"https:\/\/blog.fabricville.com\/wp-content\/uploads\/2019\/03\/patron-V9338-215x300.jpg\" class=\"attachment-medium size-medium\" alt=\"\" aria-describedby=\"gallery-1-4509\" srcset=\"https:\/\/blog.fabricville.com\/wp-content\/uploads\/2019\/03\/patron-V9338-215x300.jpg 215w, https:\/\/blog.fabricville.com\/wp-content\/uploads\/2019\/03\/patron-V9338.jpg 725w\" sizes=\"(max-width: 215px) 100vw, 215px\" \/><\/a>\n\t\t\t<\/dt>\n\t\t\t\t<dd class='wp-caption-text gallery-caption' id='gallery-1-4509'>\n\t\t\t\tVogue Pattern 9338\n\t\t\t\t<\/dd><\/dl><dl class='gallery-item'>\n\t\t\t<dt class='gallery-icon portrait'>\n\t\t\t\t<a href='https:\/\/blog.fabricville.com\/en\/manche-ruban-v9338\/'><img loading=\"lazy\" decoding=\"async\" width=\"254\" height=\"300\" src=\"https:\/\/blog.fabricville.com\/wp-content\/uploads\/2019\/03\/manche-ruban-V9338-254x300.jpg\" class=\"attachment-medium size-medium\" alt=\"\" aria-describedby=\"gallery-1-4494\" srcset=\"https:\/\/blog.fabricville.com\/wp-content\/uploads\/2019\/03\/manche-ruban-V9338-254x300.jpg 254w, https:\/\/blog.fabricville.com\/wp-content\/uploads\/2019\/03\/manche-ruban-V9338.jpg 725w\" sizes=\"(max-width: 254px) 100vw, 254px\" \/><\/a>\n\t\t\t<\/dt>\n\t\t\t\t<dd class='wp-caption-text gallery-caption' id='gallery-1-4494'>\n\t\t\t\tPli, volant et attache\n\t\t\t\t<\/dd><\/dl><dl class='gallery-item'>\n\t\t\t<dt class='gallery-icon portrait'>\n\t\t\t\t<a href='https:\/\/blog.fabricville.com\/en\/veste-complete-v9338\/'><img loading=\"lazy\" decoding=\"async\" width=\"226\" height=\"300\" src=\"https:\/\/blog.fabricville.com\/wp-content\/uploads\/2019\/03\/veste-complete-V9338-226x300.jpg\" class=\"attachment-medium size-medium\" alt=\"\" aria-describedby=\"gallery-1-4508\" srcset=\"https:\/\/blog.fabricville.com\/wp-content\/uploads\/2019\/03\/veste-complete-V9338-226x300.jpg 226w, https:\/\/blog.fabricville.com\/wp-content\/uploads\/2019\/03\/veste-complete-V9338.jpg 725w\" sizes=\"(max-width: 226px) 100vw, 226px\" \/><\/a>\n\t\t\t<\/dt>\n\t\t\t\t<dd class='wp-caption-text gallery-caption' id='gallery-1-4508'>\n\t\t\t\tVeste non doubl\u00e9e\n\t\t\t\t<\/dd><\/dl><br style=\"clear: both\" \/>\n\t\t<\/div>\n\n<p>Comme j\u2019aime les couleurs qui ont du punch, j\u2019ai choisi de coudre ma veste dans un beau tissu jaune, un peu comme celui utilis\u00e9 pour le mod\u00e8le que porte le mannequin sur l\u2019enveloppe du patron. Cette couleur convient \u00e0 mon teint, elle est vivifiante et, avouons-le, avec cet hiver qui ne finit plus, nous avons toutes envie de mettre du pep \u00e0 notre garde-robe.<\/p>\n<p><img loading=\"lazy\" decoding=\"async\" class=\"aligncenter wp-image-4495 size-full\" src=\"https:\/\/blog.fabricville.com\/wp-content\/uploads\/2019\/03\/veste-V9338-epaules.jpg\" alt=\"\" width=\"725\" height=\"678\" srcset=\"https:\/\/blog.fabricville.com\/wp-content\/uploads\/2019\/03\/veste-V9338-epaules.jpg 725w, https:\/\/blog.fabricville.com\/wp-content\/uploads\/2019\/03\/veste-V9338-epaules-300x281.jpg 300w\" sizes=\"(max-width: 725px) 100vw, 725px\" \/><\/p>\n<h3>La r\u00e9alisation<\/h3>\n<p>Chez Fabricville, j\u2019ai trouv\u00e9 ce tissu l\u00e9ger de la collection \u00ab Fashion \u00bb. En fait, il s\u2019agit d\u2019un m\u00e9lange compos\u00e9 \u00e0\u00a0<a href=\"https:\/\/fabricville.com\/fr\/tissus\/tissus-vetements\/fashion-linen-cotton-yellow-62403.html\">55% de coton et 45% de lin<\/a>. J\u2019ai pris soin de le laver avant de proc\u00e9der \u00e0 la coupe, car c\u2019est connu, certains tissus peuvent r\u00e9tr\u00e9cir jusqu\u2019\u00e0 10% de leur taille. Bien couper son tissu et marquer de fa\u00e7on pr\u00e9cise les rep\u00e8res contribuent \u00e0 la r\u00e9ussite d\u2019une confection. D\u2019ailleurs, pour cette \u00e9tape, je ne peux passer sous silence l\u2019aide incommensurable que m\u2019a apport\u00e9e mon assistante, Lola, la chatte qui r\u00eave de devenir couturi\u00e8re.<\/p>\n\n\t\t<style type=\"text\/css\">\n\t\t\t#gallery-2 {\n\t\t\t\tmargin: auto;\n\t\t\t}\n\t\t\t#gallery-2 .gallery-item {\n\t\t\t\tfloat: left;\n\t\t\t\tmargin-top: 10px;\n\t\t\t\ttext-align: center;\n\t\t\t\twidth: 33%;\n\t\t\t}\n\t\t\t#gallery-2 img {\n\t\t\t\tborder: 2px solid #cfcfcf;\n\t\t\t}\n\t\t\t#gallery-2 .gallery-caption {\n\t\t\t\tmargin-left: 0;\n\t\t\t}\n\t\t\t\/* see gallery_shortcode() in wp-includes\/media.php *\/\n\t\t<\/style>\n\t\t<div id='gallery-2' class='gallery galleryid-4447 gallery-columns-3 gallery-size-medium'><dl class='gallery-item'>\n\t\t\t<dt class='gallery-icon portrait'>\n\t\t\t\t<a href='https:\/\/blog.fabricville.com\/en\/manche-marq-v9338\/'><img loading=\"lazy\" decoding=\"async\" width=\"225\" height=\"300\" src=\"https:\/\/blog.fabricville.com\/wp-content\/uploads\/2019\/03\/manche-marq-V9338-225x300.jpg\" class=\"attachment-medium size-medium\" alt=\"\" aria-describedby=\"gallery-2-4493\" srcset=\"https:\/\/blog.fabricville.com\/wp-content\/uploads\/2019\/03\/manche-marq-V9338-225x300.jpg 225w, https:\/\/blog.fabricville.com\/wp-content\/uploads\/2019\/03\/manche-marq-V9338.jpg 725w\" sizes=\"(max-width: 225px) 100vw, 225px\" \/><\/a>\n\t\t\t<\/dt>\n\t\t\t\t<dd class='wp-caption-text gallery-caption' id='gallery-2-4493'>\n\t\t\t\tBien marquer ses rep\u00e8res\n\t\t\t\t<\/dd><\/dl><dl class='gallery-item'>\n\t\t\t<dt class='gallery-icon portrait'>\n\t\t\t\t<a href='https:\/\/blog.fabricville.com\/en\/manche-ass-v9338\/'><img loading=\"lazy\" decoding=\"async\" width=\"225\" height=\"300\" src=\"https:\/\/blog.fabricville.com\/wp-content\/uploads\/2019\/03\/manche-ass-V9338-225x300.jpg\" class=\"attachment-medium size-medium\" alt=\"\" aria-describedby=\"gallery-2-4491\" srcset=\"https:\/\/blog.fabricville.com\/wp-content\/uploads\/2019\/03\/manche-ass-V9338-225x300.jpg 225w, https:\/\/blog.fabricville.com\/wp-content\/uploads\/2019\/03\/manche-ass-V9338.jpg 725w\" sizes=\"(max-width: 225px) 100vw, 225px\" \/><\/a>\n\t\t\t<\/dt>\n\t\t\t\t<dd class='wp-caption-text gallery-caption' id='gallery-2-4491'>\n\t\t\t\tAssemblage facile\n\t\t\t\t<\/dd><\/dl><dl class='gallery-item'>\n\t\t\t<dt class='gallery-icon portrait'>\n\t\t\t\t<a href='https:\/\/blog.fabricville.com\/en\/manche-fer-v9338\/'><img loading=\"lazy\" decoding=\"async\" width=\"222\" height=\"300\" src=\"https:\/\/blog.fabricville.com\/wp-content\/uploads\/2019\/03\/manche-fer-V9338-222x300.jpg\" class=\"attachment-medium size-medium\" alt=\"\" aria-describedby=\"gallery-2-4492\" srcset=\"https:\/\/blog.fabricville.com\/wp-content\/uploads\/2019\/03\/manche-fer-V9338-222x300.jpg 222w, https:\/\/blog.fabricville.com\/wp-content\/uploads\/2019\/03\/manche-fer-V9338.jpg 725w\" sizes=\"(max-width: 222px) 100vw, 222px\" \/><\/a>\n\t\t\t<\/dt>\n\t\t\t\t<dd class='wp-caption-text gallery-caption' id='gallery-2-4492'>\n\t\t\t\tRepasser \u00e0 chaque \u00e9tape\n\t\t\t\t<\/dd><\/dl><br style=\"clear: both\" \/>\n\t\t<\/div>\n\n<p>Comme sugg\u00e9r\u00e9 dans les instructions du patron, j\u2019ai ajout\u00e9 des \u00e9paulettes de 15 mm et de l\u2019entoilage thermocollant pour apporter une belle carrure et un peu de rigidit\u00e9 aux devants de la veste. Aussi, \u00e9tant donn\u00e9 que cette pi\u00e8ce est non doubl\u00e9e, j\u2019ai jug\u00e9 bon de finir les coutures \u00e0 la surjeteuse pour \u00e9viter les effilochures disgracieuses.<\/p>\n<div id=\"attachment_4490\" style=\"width: 725px\" class=\"wp-caption aligncenter\"><img loading=\"lazy\" decoding=\"async\" aria-describedby=\"caption-attachment-4490\" class=\"wp-image-4490 size-full\" src=\"https:\/\/blog.fabricville.com\/wp-content\/uploads\/2019\/03\/lola-V9338-e1553950747832.jpg\" alt=\"\" width=\"715\" height=\"645\" srcset=\"https:\/\/blog.fabricville.com\/wp-content\/uploads\/2019\/03\/lola-V9338-e1553950747832.jpg 715w, https:\/\/blog.fabricville.com\/wp-content\/uploads\/2019\/03\/lola-V9338-e1553950747832-300x271.jpg 300w\" sizes=\"(max-width: 715px) 100vw, 715px\" \/><p id=\"caption-attachment-4490\" class=\"wp-caption-text\">Lola, mon assistante pr\u00e9f\u00e9r\u00e9e<\/p><\/div>\n<h3>Comment la porter ?<\/h3>\n<p>Cette veste est tr\u00e8s versatile et les id\u00e9es ne manquent pas pour bien l\u2019agencer. \u00c0 titre d\u2019exemple, les week-ends, je la porterai avec un haut blanc et un jeans ou avec une jupe aux genoux.<\/p>\n<h3><img loading=\"lazy\" decoding=\"async\" class=\"size-full wp-image-4496 aligncenter\" src=\"https:\/\/blog.fabricville.com\/wp-content\/uploads\/2019\/03\/veste-V9338-jeans.jpg\" alt=\"\" width=\"725\" height=\"961\" srcset=\"https:\/\/blog.fabricville.com\/wp-content\/uploads\/2019\/03\/veste-V9338-jeans.jpg 725w, https:\/\/blog.fabricville.com\/wp-content\/uploads\/2019\/03\/veste-V9338-jeans-226x300.jpg 226w\" sizes=\"(max-width: 725px) 100vw, 725px\" \/><\/h3>\n<p>Pour le travail ou une sortie, je l\u2019enfilerai tout simplement sur une robe. J\u2019aime la combinaison du jaune et du vert olive. J\u2019ai retrouv\u00e9 cette maxi robe cache c\u0153ur en cr\u00eape que j\u2019avais cousue l\u2019\u00e9t\u00e9 dernier avec l\u2019aide du\u00a0<a href=\"https:\/\/fabricville.com\/en\/m7743-misses-women-s-dresses-size-8-10-12-14-16.html\">patron #M7743.<\/a><\/p>\n<h3><img loading=\"lazy\" decoding=\"async\" class=\"size-full wp-image-4499 aligncenter\" src=\"https:\/\/blog.fabricville.com\/wp-content\/uploads\/2019\/03\/veste-V9338-robe-olive.jpg\" alt=\"\" width=\"725\" height=\"918\" srcset=\"https:\/\/blog.fabricville.com\/wp-content\/uploads\/2019\/03\/veste-V9338-robe-olive.jpg 725w, https:\/\/blog.fabricville.com\/wp-content\/uploads\/2019\/03\/veste-V9338-robe-olive-237x300.jpg 237w\" sizes=\"(max-width: 725px) 100vw, 725px\" \/><\/h3>\n<h3>Mon projet en r\u00e9sum\u00e9<\/h3>\n<ul>\n<li style=\"text-align: left;\">Patron :\u00a0<a href=\"https:\/\/fabricville.com\/fr\/v9338-misses-jacket-size-14-16-18-20-22.html\">Vogue Pattern no 9338<\/a><\/li>\n<li style=\"text-align: left;\">Tissu : 2.5 m\u00e8tres de\u00a0<a href=\"https:\/\/fabricville.com\/fr\/tissus\/tissus-vetements\/fashion-linen-cotton-yellow-62403.html\">Fashion \u2013 Lin et coton Jaune<\/a><\/li>\n<li style=\"text-align: left;\">Mercerie :\n<ul>\n<li>2\u00a0<a href=\"https:\/\/fabricville.com\/fr\/unique-shoulder-pads-large-white-15mm-5-8-po-2-pcs.html\">\u00e9paulettes<\/a>\u00a0pour veste 15 mm<\/li>\n<li>1 m\u00e8tre\u00a0<a href=\"https:\/\/fabricville.com\/fr\/pellon-fusible-interfacing-medium-weight-woven-white.html\">entoilage<\/a>\u00a0de coton thermocollant<\/li>\n<\/ul>\n<\/li>\n<li style=\"text-align: left;\">Modifications : j\u2019ai raccourci de 2.5 cm le haut de la manche.<\/li>\n<li style=\"text-align: left;\">Recommandations : pour un assemblage facile, bien marquer les rep\u00e8res pour les manches, volants et attaches.<\/li>\n<\/ul>\n<h3>Autres suggestions de tissus<\/h3>\n<p>Cette veste pourrait \u00eatre r\u00e9alis\u00e9e dans toute une panoplie de tissus. Comme les rayures sont bien tendance cette ann\u00e9e, je songe \u00e0 m\u2019en coudre une autre dans cette\u00a0<a href=\"https:\/\/fabricville.com\/fr\/sierra-stretch-sateen-print-stripes-black-white.html\">satinette noire et blanche\u00a0<\/a>de la collection Sierra. Les imprim\u00e9s de\u00a0<a href=\"https:\/\/fabricville.com\/fr\/sierra-stretch-sateen-print-flowers-dots-navy-green.html\">pois et de fleurs<\/a>\u00a0disponibles dans la m\u00eame collection, s\u2019av\u00e9raient aussi de bons choix. Et pour celles qui pr\u00e9f\u00e8rent un look plus \u00ab sport \u00bb, je propose le\u00a0<a href=\"https:\/\/fabricville.com\/fr\/tissus\/tissus-vetements\/denim\/novelty-denim-crush-light-blue.html\">denim froiss\u00e9\u00a0<\/a>qui me para\u00eet l\u00e9ger et d\u2019une belle fluidit\u00e9.<\/p>\n\n\t\t<style type=\"text\/css\">\n\t\t\t#gallery-3 {\n\t\t\t\tmargin: auto;\n\t\t\t}\n\t\t\t#gallery-3 .gallery-item {\n\t\t\t\tfloat: left;\n\t\t\t\tmargin-top: 10px;\n\t\t\t\ttext-align: center;\n\t\t\t\twidth: 33%;\n\t\t\t}\n\t\t\t#gallery-3 img {\n\t\t\t\tborder: 2px solid #cfcfcf;\n\t\t\t}\n\t\t\t#gallery-3 .gallery-caption {\n\t\t\t\tmargin-left: 0;\n\t\t\t}\n\t\t\t\/* see gallery_shortcode() in wp-includes\/media.php *\/\n\t\t<\/style>\n\t\t<div id='gallery-3' class='gallery galleryid-4447 gallery-columns-3 gallery-size-thumbnail'><dl class='gallery-item'>\n\t\t\t<dt class='gallery-icon landscape'>\n\t\t\t\t<a href='https:\/\/blog.fabricville.com\/en\/tissu-raye\/'><img loading=\"lazy\" decoding=\"async\" width=\"242\" height=\"194\" src=\"https:\/\/blog.fabricville.com\/wp-content\/uploads\/2019\/03\/tissu-ray\u00e9-242x194.jpg\" class=\"attachment-thumbnail size-thumbnail\" alt=\"\" aria-describedby=\"gallery-3-4452\" \/><\/a>\n\t\t\t<\/dt>\n\t\t\t\t<dd class='wp-caption-text gallery-caption' id='gallery-3-4452'>\n\t\t\t\tSatinette Sierra\n\t\t\t\t<\/dd><\/dl><dl class='gallery-item'>\n\t\t\t<dt class='gallery-icon landscape'>\n\t\t\t\t<a href='https:\/\/blog.fabricville.com\/en\/tissu-pois-et-fleurs\/'><img loading=\"lazy\" decoding=\"async\" width=\"242\" height=\"194\" src=\"https:\/\/blog.fabricville.com\/wp-content\/uploads\/2019\/03\/tissu-pois-et-fleurs-242x194.jpg\" class=\"attachment-thumbnail size-thumbnail\" alt=\"\" aria-describedby=\"gallery-3-4451\" \/><\/a>\n\t\t\t<\/dt>\n\t\t\t\t<dd class='wp-caption-text gallery-caption' id='gallery-3-4451'>\n\t\t\t\tSatinette Sierra\n\t\t\t\t<\/dd><\/dl><dl class='gallery-item'>\n\t\t\t<dt class='gallery-icon landscape'>\n\t\t\t\t<a href='https:\/\/blog.fabricville.com\/en\/denim-froisse\/'><img loading=\"lazy\" decoding=\"async\" width=\"242\" height=\"194\" src=\"https:\/\/blog.fabricville.com\/wp-content\/uploads\/2019\/03\/denim-froiss\u00e9-242x194.jpg\" class=\"attachment-thumbnail size-thumbnail\" alt=\"\" aria-describedby=\"gallery-3-4450\" \/><\/a>\n\t\t\t<\/dt>\n\t\t\t\t<dd class='wp-caption-text gallery-caption' id='gallery-3-4450'>\n\t\t\t\tDenim froiss\u00e9\n\t\t\t\t<\/dd><\/dl><br style=\"clear: both\" \/>\n\t\t<\/div>\n\n<p>En terminant, j&#8217;esp\u00e8re que je vous ai donn\u00e9 le go\u00fbt de coudre et de porter des v\u00eatements aux manches &#8220;spectaculaires&#8221;. \u00c9crivez-moi ici-bas vos commentaires et vos id\u00e9es des projets pour le printemps!<\/p>","protected":false},"excerpt":{"rendered":"<p class=\"qtranxs-available-languages-message qtranxs-available-languages-message-en\">\n<p>Sorry, this entry is only available in French.<\/p>\n<p>D\u00e8s que j\u2019ai vu le patron pour veste\u00a0<a href=\"https:\/\/fabricville.com\/en\/v9338-misses-jacket-size-14-16-18-20-22.html?___from_store=us\">Vogue\u00a0Pattern no 9338<\/a>, j\u2019ai \u00e9t\u00e9 conquise par les d\u00e9tails des manches. Le pli, le volant doubl\u00e9 et la longue attache procurent au v\u00eatement un look haute couture et un brin sophistiqu\u00e9. <\/p>\n<p>  <a href=\"https:\/\/blog.fabricville.com\/en\/la-veste-aux-manches-volantees\/\">&nbsp;&raquo;&nbsp;Read more about: La veste aux manches volant\u00e9es &nbsp;&raquo;<\/a><\/p>\n","protected":false},"author":39,"featured_media":4454,"comment_status":"open","ping_status":"open","sticky":false,"template":"","format":"standard","meta":{"footnotes":""},"categories":[40],"tags":[207,205,206,208,210,203,204,209],"class_list":["post-4447","post","type-post","status-publish","format-standard","has-post-thumbnail","hentry","category-fashion","tag-coton","tag-jaune","tag-lin","tag-statement-sleeves","tag-taille-plus","tag-veste","tag-vogue-9338","tag-volant"],"yoast_head":"<!-- This site is optimized with the Yoast SEO plugin v25.6 - https:\/\/yoast.com\/wordpress\/plugins\/seo\/ -->\n<title>La veste aux manches volant\u00e9es | Fabricville Canadian Sewing Blog<\/title>\n<meta name=\"robots\" content=\"index, follow, max-snippet:-1, max-image-preview:large, max-video-preview:-1\" \/>\n<link rel=\"canonical\" href=\"https:\/\/blog.fabricville.com\/la-veste-aux-manches-volantees\/\" \/>\n<meta property=\"og:locale\" content=\"en_US\" \/>\n<meta property=\"og:type\" content=\"article\" \/>\n<meta property=\"og:title\" content=\"La veste aux manches volant\u00e9es | Fabricville Canadian Sewing Blog\" \/>\n<meta property=\"og:description\" content=\"Sorry, this entry is only available in French.D\u00e8s que j\u2019ai vu le patron pour veste\u00a0Vogue\u00a0Pattern no 9338, j\u2019ai \u00e9t\u00e9 conquise par les d\u00e9tails des manches. Le pli, le volant doubl\u00e9 et la longue attache procurent au v\u00eatement un look haute couture et un brin sophistiqu\u00e9.  &nbsp;&raquo;&nbsp;Read more about: La veste aux manches volant\u00e9es &nbsp;&raquo;\" \/>\n<meta property=\"og:url\" content=\"https:\/\/blog.fabricville.com\/la-veste-aux-manches-volantees\/\" \/>\n<meta property=\"og:site_name\" content=\"Fabricville Canadian Sewing Blog\" \/>\n<meta property=\"article:publisher\" content=\"https:\/\/www.facebook.com\/fabricville\" \/>\n<meta property=\"article:author\" content=\"https:\/\/www.facebook.com\/lesclaudines\/?ref=bookmarks\" \/>\n<meta property=\"article:published_time\" content=\"2019-04-04T13:31:35+00:00\" \/>\n<meta property=\"article:modified_time\" content=\"2019-04-04T15:31:32+00:00\" \/>\n<meta property=\"og:image\" content=\"https:\/\/blog.fabricville.com\/wp-content\/uploads\/2019\/03\/Patron-Vogue-9338-1.png\" \/>\n\t<meta property=\"og:image:width\" content=\"1200\" \/>\n\t<meta property=\"og:image:height\" content=\"675\" \/>\n\t<meta property=\"og:image:type\" content=\"image\/png\" \/>\n<meta name=\"author\" content=\"Claudine Gauvin\" \/>\n<meta name=\"twitter:card\" content=\"summary_large_image\" \/>\n<meta name=\"twitter:creator\" content=\"@fabricville\" \/>\n<meta name=\"twitter:site\" content=\"@fabricville\" \/>\n<meta name=\"twitter:label1\" content=\"Written by\" \/>\n\t<meta name=\"twitter:data1\" content=\"Claudine Gauvin\" \/>\n\t<meta name=\"twitter:label2\" content=\"Est. reading time\" \/>\n\t<meta name=\"twitter:data2\" content=\"3 minutes\" \/>\n<script type=\"application\/ld+json\" class=\"yoast-schema-graph\">{\"@context\":\"https:\/\/schema.org\",\"@graph\":[{\"@type\":\"WebPage\",\"@id\":\"https:\/\/blog.fabricville.com\/la-veste-aux-manches-volantees\/\",\"url\":\"https:\/\/blog.fabricville.com\/la-veste-aux-manches-volantees\/\",\"name\":\"La veste aux manches volant\u00e9es | Fabricville Canadian Sewing Blog\",\"isPartOf\":{\"@id\":\"https:\/\/blog.fabricville.com\/en\/#website\"},\"primaryImageOfPage\":{\"@id\":\"https:\/\/blog.fabricville.com\/la-veste-aux-manches-volantees\/#primaryimage\"},\"image\":{\"@id\":\"https:\/\/blog.fabricville.com\/la-veste-aux-manches-volantees\/#primaryimage\"},\"thumbnailUrl\":\"https:\/\/blog.fabricville.com\/wp-content\/uploads\/2019\/03\/Patron-Vogue-9338-1.png\",\"datePublished\":\"2019-04-04T13:31:35+00:00\",\"dateModified\":\"2019-04-04T15:31:32+00:00\",\"author\":{\"@id\":\"https:\/\/blog.fabricville.com\/en\/#\/schema\/person\/32fe9ba28f5abb4337780f53d59eeb01\"},\"breadcrumb\":{\"@id\":\"https:\/\/blog.fabricville.com\/la-veste-aux-manches-volantees\/#breadcrumb\"},\"inLanguage\":\"en-US\",\"potentialAction\":[{\"@type\":\"ReadAction\",\"target\":[\"https:\/\/blog.fabricville.com\/la-veste-aux-manches-volantees\/\"]}]},{\"@type\":\"ImageObject\",\"inLanguage\":\"en-US\",\"@id\":\"https:\/\/blog.fabricville.com\/la-veste-aux-manches-volantees\/#primaryimage\",\"url\":\"https:\/\/blog.fabricville.com\/wp-content\/uploads\/2019\/03\/Patron-Vogue-9338-1.png\",\"contentUrl\":\"https:\/\/blog.fabricville.com\/wp-content\/uploads\/2019\/03\/Patron-Vogue-9338-1.png\",\"width\":1200,\"height\":675},{\"@type\":\"BreadcrumbList\",\"@id\":\"https:\/\/blog.fabricville.com\/la-veste-aux-manches-volantees\/#breadcrumb\",\"itemListElement\":[{\"@type\":\"ListItem\",\"position\":1,\"name\":\"Home\",\"item\":\"https:\/\/blog.fabricville.com\/en\/\"},{\"@type\":\"ListItem\",\"position\":2,\"name\":\"La veste aux manches volant\u00e9es\"}]},{\"@type\":\"WebSite\",\"@id\":\"https:\/\/blog.fabricville.com\/en\/#website\",\"url\":\"https:\/\/blog.fabricville.com\/en\/\",\"name\":\"Fabricville Canadian Sewing Blog\",\"description\":\"\",\"potentialAction\":[{\"@type\":\"SearchAction\",\"target\":{\"@type\":\"EntryPoint\",\"urlTemplate\":\"https:\/\/blog.fabricville.com\/en\/?s={search_term_string}\"},\"query-input\":{\"@type\":\"PropertyValueSpecification\",\"valueRequired\":true,\"valueName\":\"search_term_string\"}}],\"inLanguage\":\"en-US\"},{\"@type\":\"Person\",\"@id\":\"https:\/\/blog.fabricville.com\/en\/#\/schema\/person\/32fe9ba28f5abb4337780f53d59eeb01\",\"name\":\"Claudine Gauvin\",\"image\":{\"@type\":\"ImageObject\",\"inLanguage\":\"en-US\",\"@id\":\"https:\/\/blog.fabricville.com\/en\/#\/schema\/person\/image\/\",\"url\":\"https:\/\/blog.fabricville.com\/wp-content\/uploads\/2026\/04\/Untitled-design.png\",\"contentUrl\":\"https:\/\/blog.fabricville.com\/wp-content\/uploads\/2026\/04\/Untitled-design.png\",\"caption\":\"Claudine Gauvin\"},\"sameAs\":[\"http:\/\/Lesclaudines.com\",\"https:\/\/www.facebook.com\/lesclaudines\/?ref=bookmarks\",\"https:\/\/www.instagram.com\/lesclaudines\/\",\"https:\/\/pin.it\/1UDGwO2\",\"cgauvin14@gmail.com\"],\"url\":\"https:\/\/blog.fabricville.com\/en\/author\/claudine-gauvin\/\"}]}<\/script>\n<!-- \/ Yoast SEO plugin. -->","yoast_head_json":{"title":"La veste aux manches volant\u00e9es | Fabricville Canadian Sewing Blog","robots":{"index":"index","follow":"follow","max-snippet":"max-snippet:-1","max-image-preview":"max-image-preview:large","max-video-preview":"max-video-preview:-1"},"canonical":"https:\/\/blog.fabricville.com\/la-veste-aux-manches-volantees\/","og_locale":"en_US","og_type":"article","og_title":"La veste aux manches volant\u00e9es | Fabricville Canadian Sewing Blog","og_description":"Sorry, this entry is only available in French.D\u00e8s que j\u2019ai vu le patron pour veste\u00a0Vogue\u00a0Pattern no 9338, j\u2019ai \u00e9t\u00e9 conquise par les d\u00e9tails des manches. Le pli, le volant doubl\u00e9 et la longue attache procurent au v\u00eatement un look haute couture et un brin sophistiqu\u00e9.  &nbsp;&raquo;&nbsp;Read more about: La veste aux manches volant\u00e9es &nbsp;&raquo;","og_url":"https:\/\/blog.fabricville.com\/la-veste-aux-manches-volantees\/","og_site_name":"Fabricville Canadian Sewing Blog","article_publisher":"https:\/\/www.facebook.com\/fabricville","article_author":"https:\/\/www.facebook.com\/lesclaudines\/?ref=bookmarks","article_published_time":"2019-04-04T13:31:35+00:00","article_modified_time":"2019-04-04T15:31:32+00:00","og_image":[{"width":1200,"height":675,"url":"https:\/\/blog.fabricville.com\/wp-content\/uploads\/2019\/03\/Patron-Vogue-9338-1.png","type":"image\/png"}],"author":"Claudine Gauvin","twitter_card":"summary_large_image","twitter_creator":"@fabricville","twitter_site":"@fabricville","twitter_misc":{"Written by":"Claudine Gauvin","Est. reading time":"3 minutes"},"schema":{"@context":"https:\/\/schema.org","@graph":[{"@type":"WebPage","@id":"https:\/\/blog.fabricville.com\/la-veste-aux-manches-volantees\/","url":"https:\/\/blog.fabricville.com\/la-veste-aux-manches-volantees\/","name":"La veste aux manches volant\u00e9es | Fabricville Canadian Sewing Blog","isPartOf":{"@id":"https:\/\/blog.fabricville.com\/en\/#website"},"primaryImageOfPage":{"@id":"https:\/\/blog.fabricville.com\/la-veste-aux-manches-volantees\/#primaryimage"},"image":{"@id":"https:\/\/blog.fabricville.com\/la-veste-aux-manches-volantees\/#primaryimage"},"thumbnailUrl":"https:\/\/blog.fabricville.com\/wp-content\/uploads\/2019\/03\/Patron-Vogue-9338-1.png","datePublished":"2019-04-04T13:31:35+00:00","dateModified":"2019-04-04T15:31:32+00:00","author":{"@id":"https:\/\/blog.fabricville.com\/en\/#\/schema\/person\/32fe9ba28f5abb4337780f53d59eeb01"},"breadcrumb":{"@id":"https:\/\/blog.fabricville.com\/la-veste-aux-manches-volantees\/#breadcrumb"},"inLanguage":"en-US","potentialAction":[{"@type":"ReadAction","target":["https:\/\/blog.fabricville.com\/la-veste-aux-manches-volantees\/"]}]},{"@type":"ImageObject","inLanguage":"en-US","@id":"https:\/\/blog.fabricville.com\/la-veste-aux-manches-volantees\/#primaryimage","url":"https:\/\/blog.fabricville.com\/wp-content\/uploads\/2019\/03\/Patron-Vogue-9338-1.png","contentUrl":"https:\/\/blog.fabricville.com\/wp-content\/uploads\/2019\/03\/Patron-Vogue-9338-1.png","width":1200,"height":675},{"@type":"BreadcrumbList","@id":"https:\/\/blog.fabricville.com\/la-veste-aux-manches-volantees\/#breadcrumb","itemListElement":[{"@type":"ListItem","position":1,"name":"Home","item":"https:\/\/blog.fabricville.com\/en\/"},{"@type":"ListItem","position":2,"name":"La veste aux manches volant\u00e9es"}]},{"@type":"WebSite","@id":"https:\/\/blog.fabricville.com\/en\/#website","url":"https:\/\/blog.fabricville.com\/en\/","name":"Fabricville Canadian Sewing Blog","description":"","potentialAction":[{"@type":"SearchAction","target":{"@type":"EntryPoint","urlTemplate":"https:\/\/blog.fabricville.com\/en\/?s={search_term_string}"},"query-input":{"@type":"PropertyValueSpecification","valueRequired":true,"valueName":"search_term_string"}}],"inLanguage":"en-US"},{"@type":"Person","@id":"https:\/\/blog.fabricville.com\/en\/#\/schema\/person\/32fe9ba28f5abb4337780f53d59eeb01","name":"Claudine Gauvin","image":{"@type":"ImageObject","inLanguage":"en-US","@id":"https:\/\/blog.fabricville.com\/en\/#\/schema\/person\/image\/","url":"https:\/\/blog.fabricville.com\/wp-content\/uploads\/2026\/04\/Untitled-design.png","contentUrl":"https:\/\/blog.fabricville.com\/wp-content\/uploads\/2026\/04\/Untitled-design.png","caption":"Claudine Gauvin"},"sameAs":["http:\/\/Lesclaudines.com","https:\/\/www.facebook.com\/lesclaudines\/?ref=bookmarks","https:\/\/www.instagram.com\/lesclaudines\/","https:\/\/pin.it\/1UDGwO2","cgauvin14@gmail.com"],"url":"https:\/\/blog.fabricville.com\/en\/author\/claudine-gauvin\/"}]}},"_links":{"self":[{"href":"https:\/\/blog.fabricville.com\/en\/wp-json\/wp\/v2\/posts\/4447"}],"collection":[{"href":"https:\/\/blog.fabricville.com\/en\/wp-json\/wp\/v2\/posts"}],"about":[{"href":"https:\/\/blog.fabricville.com\/en\/wp-json\/wp\/v2\/types\/post"}],"author":[{"embeddable":true,"href":"https:\/\/blog.fabricville.com\/en\/wp-json\/wp\/v2\/users\/39"}],"replies":[{"embeddable":true,"href":"https:\/\/blog.fabricville.com\/en\/wp-json\/wp\/v2\/comments?post=4447"}],"version-history":[{"count":33,"href":"https:\/\/blog.fabricville.com\/en\/wp-json\/wp\/v2\/posts\/4447\/revisions"}],"predecessor-version":[{"id":4521,"href":"https:\/\/blog.fabricville.com\/en\/wp-json\/wp\/v2\/posts\/4447\/revisions\/4521"}],"wp:featuredmedia":[{"embeddable":true,"href":"https:\/\/blog.fabricville.com\/en\/wp-json\/wp\/v2\/media\/4454"}],"wp:attachment":[{"href":"https:\/\/blog.fabricville.com\/en\/wp-json\/wp\/v2\/media?parent=4447"}],"wp:term":[{"taxonomy":"category","embeddable":true,"href":"https:\/\/blog.fabricville.com\/en\/wp-json\/wp\/v2\/categories?post=4447"},{"taxonomy":"post_tag","embeddable":true,"href":"https:\/\/blog.fabricville.com\/en\/wp-json\/wp\/v2\/tags?post=4447"}],"curies":[{"name":"wp","href":"https:\/\/api.w.org\/{rel}","templated":true}]}}