{"id":10606,"date":"2026-04-28T09:19:52","date_gmt":"2026-04-28T13:19:52","guid":{"rendered":"https:\/\/blog.fabricville.com\/?p=10606"},"modified":"2026-04-28T09:19:52","modified_gmt":"2026-04-28T13:19:52","slug":"a-dress-that-moves-with-you-all-summer-long","status":"publish","type":"post","link":"https:\/\/blog.fabricville.com\/fr\/a-dress-that-moves-with-you-all-summer-long\/","title":{"rendered":"Robe bain de soleil"},"content":{"rendered":"<p><span style=\"font-weight: 400;\">J\u2019avais envie d\u2019une pi\u00e8ce l\u00e9g\u00e8re, fluide, facile \u00e0 porter au quotidien. Quelque chose qu\u2019on enfile sans r\u00e9fl\u00e9chir, id\u00e9ale pour le bord de la piscine, un pique-nique, une terrasse ou une sortie au march\u00e9.<\/span><\/p>\n<p><span style=\"font-weight: 400;\">Ce projet r\u00e9pond exactement \u00e0 \u00e7a. Mais il faut le dire d\u2019embl\u00e9e : ce mod\u00e8le n\u2019est pas difficile, il demande simplement du temps.<\/span><\/p>\n<p><!--more--><\/p>\n<p><span style=\"font-weight: 400;\"><br \/>\n<img loading=\"lazy\" decoding=\"async\" class=\"aligncenter size-full wp-image-10626\" src=\"https:\/\/blog.fabricville.com\/wp-content\/uploads\/2026\/04\/robe-M8506-terrasse.png\" alt=\"\" width=\"1086\" height=\"1448\" srcset=\"https:\/\/blog.fabricville.com\/wp-content\/uploads\/2026\/04\/robe-M8506-terrasse.png 1086w, https:\/\/blog.fabricville.com\/wp-content\/uploads\/2026\/04\/robe-M8506-terrasse-300x400.png 300w, https:\/\/blog.fabricville.com\/wp-content\/uploads\/2026\/04\/robe-M8506-terrasse-768x1024.png 768w, https:\/\/blog.fabricville.com\/wp-content\/uploads\/2026\/04\/robe-M8506-terrasse-755x1007.png 755w\" sizes=\"(max-width: 1086px) 100vw, 1086px\" \/><br \/>\n<\/span><\/p>\n<h2><b>Le choix du patron<\/b><\/h2>\n<p><span style=\"font-weight: 400;\">J\u2019ai choisi le patron <\/span><a href=\"https:\/\/fabricville.com\/fr\/products\/mccalls-m8506-misses-dresses?srsltid=AfmBOoo1R7YIp_MB1sylA-zgsS9Ukz7fqRf6TAQmP_wZ2lDisk_5N32w\"><i><span style=\"font-weight: 400;\">McCalls M8506<\/span><\/i><\/a><span style=\"font-weight: 400;\"> pour sa silhouette ample et tr\u00e8s f\u00e9minine, et j\u2019ai opt\u00e9 pour la version C, la plus longue.<\/span>C\u2019est un mod\u00e8le qui \u00e9voque imm\u00e9diatement l\u2019\u00e9t\u00e9, avec un c\u00f4t\u00e9 boh\u00e8me et beaucoup de mouvement. Construit en \u00e9tages avec des fronces, il cr\u00e9e ce volume l\u00e9ger qu\u2019on recherche pour la saison.<\/p>\n<p><span style=\"font-weight: 400;\">J\u2019aime particuli\u00e8rement les volants en diagonale qui donnent du mouvement \u00e0 la robe, ainsi que les poches prises dans les coutures de c\u00f4t\u00e9, \u00e0 la fois discr\u00e8tes et tr\u00e8s pratiques.<\/span><\/p>\n<p><span style=\"font-weight: 400;\"><img loading=\"lazy\" decoding=\"async\" class=\"aligncenter size-full wp-image-10616\" src=\"https:\/\/blog.fabricville.com\/wp-content\/uploads\/2026\/04\/Patron-M8506.png\" alt=\"\" width=\"1450\" height=\"800\" srcset=\"https:\/\/blog.fabricville.com\/wp-content\/uploads\/2026\/04\/Patron-M8506.png 1450w, https:\/\/blog.fabricville.com\/wp-content\/uploads\/2026\/04\/Patron-M8506-725x400.png 725w, https:\/\/blog.fabricville.com\/wp-content\/uploads\/2026\/04\/Patron-M8506-1024x565.png 1024w, https:\/\/blog.fabricville.com\/wp-content\/uploads\/2026\/04\/Patron-M8506-755x417.png 755w\" sizes=\"(max-width: 1450px) 100vw, 1450px\" \/><\/span><\/p>\n<p><span style=\"font-weight: 400;\">Il faut toutefois garder en t\u00eate qu\u2019il y a tr\u00e8s peu de structure. Donc :<\/span><\/p>\n<ul>\n<li style=\"font-weight: 400;\"><span style=\"font-weight: 400;\">le tomb\u00e9 d\u00e9pend \u00e9norm\u00e9ment du tissu<\/span><\/li>\n<li style=\"font-weight: 400;\"><span style=\"font-weight: 400;\">le volume peut rapidement s\u2019amplifier<\/span><\/li>\n<\/ul>\n<p><span style=\"font-weight: 400;\">Le rendu peut \u00eatre tr\u00e8s flatteur, \u00e0 condition de bien choisir ses mati\u00e8res et d\u2019ajuster au besoin.<\/span><\/p>\n<p><span style=\"font-weight: 400;\">De mon c\u00f4t\u00e9, le haut tombait parfaitement sans modification, mais j\u2019ai r\u00e9duit l\u00e9g\u00e8rement l\u2019ampleur aux hanches pour mieux \u00e9quilibrer la silhouette.<\/span><\/p>\n<h2><b><img loading=\"lazy\" decoding=\"async\" class=\"aligncenter size-full wp-image-10622\" src=\"https:\/\/blog.fabricville.com\/wp-content\/uploads\/2026\/04\/IMG_3036.jpg\" alt=\"\" width=\"1536\" height=\"2048\" srcset=\"https:\/\/blog.fabricville.com\/wp-content\/uploads\/2026\/04\/IMG_3036.jpg 1536w, https:\/\/blog.fabricville.com\/wp-content\/uploads\/2026\/04\/IMG_3036-300x400.jpg 300w, https:\/\/blog.fabricville.com\/wp-content\/uploads\/2026\/04\/IMG_3036-768x1024.jpg 768w, https:\/\/blog.fabricville.com\/wp-content\/uploads\/2026\/04\/IMG_3036-1152x1536.jpg 1152w, https:\/\/blog.fabricville.com\/wp-content\/uploads\/2026\/04\/IMG_3036-755x1007.jpg 755w\" sizes=\"(max-width: 1536px) 100vw, 1536px\" \/><\/b><\/h2>\n<h2><b>Le choix du tissu<\/b><\/h2>\n<p><span style=\"font-weight: 400;\">Avec une coupe aussi g\u00e9n\u00e9reuse, c\u2019est lui qui donne toute sa tenue au v\u00eatement. Un mauvais choix peut compl\u00e8tement changer l\u2019allure.<\/span><\/p>\n<p><span style=\"font-weight: 400;\">\u00c0 \u00e9viter :<\/span><\/p>\n<ul>\n<li style=\"font-weight: 400;\"><span style=\"font-weight: 400;\">les mati\u00e8res rigides, qui cr\u00e9ent un effet \u201cabat-jour\u201d<\/span><\/li>\n<li style=\"font-weight: 400;\"><span style=\"font-weight: 400;\">les tissus \u00e9pais, qui alourdissent l\u2019ensemble<\/span><\/li>\n<\/ul>\n<p><span style=\"font-weight: 400;\">\u00c0 privil\u00e9gier :<\/span><\/p>\n<ul>\n<li style=\"font-weight: 400;\"><span style=\"font-weight: 400;\">de la l\u00e9g\u00e8ret\u00e9, de la fluidit\u00e9, un beau mouvement<\/span><\/li>\n<\/ul>\n<p><span style=\"font-weight: 400;\">J\u2019ai opt\u00e9 pour un tissu de la gamme Emilia, 100 % polyester, dans une teinte vert c\u00e9leri. Il est l\u00e9g\u00e8rement textur\u00e9, souple, et s\u2019adapte bien aux fronces sans ajouter de volume inutile.<\/span><\/p>\n<p><span style=\"font-weight: 400;\">Le choix d\u2019un tissu uni permet aussi de mettre en valeur les diff\u00e9rents volants et la construction du mod\u00e8le.<\/span><\/p>\n<p>&nbsp;<\/p>\n<p><img loading=\"lazy\" decoding=\"async\" class=\"aligncenter size-full wp-image-10623\" src=\"https:\/\/blog.fabricville.com\/wp-content\/uploads\/2026\/04\/IMG_3028-scaled.jpg\" alt=\"\" width=\"1182\" height=\"2560\" srcset=\"https:\/\/blog.fabricville.com\/wp-content\/uploads\/2026\/04\/IMG_3028-scaled.jpg 1182w, https:\/\/blog.fabricville.com\/wp-content\/uploads\/2026\/04\/IMG_3028-185x400.jpg 185w, https:\/\/blog.fabricville.com\/wp-content\/uploads\/2026\/04\/IMG_3028-473x1024.jpg 473w, https:\/\/blog.fabricville.com\/wp-content\/uploads\/2026\/04\/IMG_3028-709x1536.jpg 709w, https:\/\/blog.fabricville.com\/wp-content\/uploads\/2026\/04\/IMG_3028-945x2048.jpg 945w, https:\/\/blog.fabricville.com\/wp-content\/uploads\/2026\/04\/IMG_3028-755x1636.jpg 755w\" sizes=\"(max-width: 1182px) 100vw, 1182px\" \/><\/p>\n<h2><b>La r\u00e9alisation<\/b><\/h2>\n<p><span style=\"font-weight: 400;\">La logique de montage est simple, mais elle demande de la rigueur et de la patience.D\u00e8s la coupe, on comprend que le projet prendra du temps :<\/span><\/p>\n<ul>\n<li style=\"font-weight: 400;\"><span style=\"font-weight: 400;\">environ 4,5 m\u00e8tres de tissu<\/span><\/li>\n<li style=\"font-weight: 400;\"><span style=\"font-weight: 400;\">une coupe sur une seule \u00e9paisseur<\/span><\/li>\n<li style=\"font-weight: 400;\"><span style=\"font-weight: 400;\">plusieurs pi\u00e8ces \u00e0 g\u00e9rer<\/span><\/li>\n<\/ul>\n<p><span style=\"font-weight: 400;\">Mieux vaut bien pr\u00e9parer avant de passer \u00e0 la machine.<\/span><\/p>\n<ul>\n<li style=\"font-weight: 400;\"><span style=\"font-weight: 400;\">marquer tous les crans<\/span><\/li>\n<li style=\"font-weight: 400;\"><span style=\"font-weight: 400;\">num\u00e9roter les pi\u00e8ces<\/span><\/li>\n<\/ul>\n<p><span style=\"font-weight: 400;\">Ce travail facilite grandement l\u2019assemblage par la suite.<\/span><\/p>\n<p><span style=\"font-weight: 400;\">La confection repose ensuite sur une s\u00e9rie d\u2019\u00e9tapes r\u00e9p\u00e9titives. Chaque section n\u00e9cessite de former les fronces avec deux lignes de b\u00e2ti, puis de les stabiliser avec des coutures suppl\u00e9mentaires.<\/span><\/p>\n<p><span style=\"font-weight: 400;\">On r\u00e9p\u00e8te souvent les m\u00eames gestes et on utilise beaucoup de fil.<\/span><\/p>\n<p><span style=\"font-weight: 400;\">Ce n\u2019est pas complexe, mais il faut avancer sans se presser. La qualit\u00e9 finale d\u00e9pend directement du soin apport\u00e9 \u00e0 chaque \u00e9tape.<\/span><\/p>\n<p><span style=\"font-weight: 400;\">Les finitions du haut, avec les parementures et le biais \u00e0 l\u2019encolure et aux emmanchures, demandent aussi un peu de pr\u00e9cision, tout en restant simples \u00e0 r\u00e9aliser.<\/span><\/p>\n<h2><img loading=\"lazy\" decoding=\"async\" class=\"aligncenter size-full wp-image-10621\" src=\"https:\/\/blog.fabricville.com\/wp-content\/uploads\/2026\/04\/sundress-M8506.png\" alt=\"\" width=\"1086\" height=\"1448\" srcset=\"https:\/\/blog.fabricville.com\/wp-content\/uploads\/2026\/04\/sundress-M8506.png 1086w, https:\/\/blog.fabricville.com\/wp-content\/uploads\/2026\/04\/sundress-M8506-300x400.png 300w, https:\/\/blog.fabricville.com\/wp-content\/uploads\/2026\/04\/sundress-M8506-768x1024.png 768w, https:\/\/blog.fabricville.com\/wp-content\/uploads\/2026\/04\/sundress-M8506-755x1007.png 755w\" sizes=\"(max-width: 1086px) 100vw, 1086px\" \/><\/h2>\n<h2><b>En conclusion<\/b><\/h2>\n<p><span style=\"font-weight: 400;\">C\u2019est un tr\u00e8s beau mod\u00e8le, id\u00e9al pour la saison estivale et agr\u00e9able \u00e0 porter.<\/span><\/p>\n<p><span style=\"font-weight: 400;\">Il convient bien \u00e0 une couturi\u00e8re interm\u00e9diaire pr\u00eate \u00e0 prendre son temps. Ce n\u2019est pas un projet rapide, mais l\u2019effort investi se refl\u00e8te clairement dans le r\u00e9sultat.<\/span><\/p>\n<p><span style=\"font-weight: 400;\">C\u2019est aussi une pi\u00e8ce tr\u00e8s polyvalente. Selon les accessoires choisis, elle peut facilement passer d\u2019un look d\u00e9contract\u00e9 \u00e0 une version plus habill\u00e9e.<\/span><\/p>\n<p>&nbsp;<\/p>\n<p><img loading=\"lazy\" decoding=\"async\" class=\"aligncenter size-full wp-image-10629\" src=\"https:\/\/blog.fabricville.com\/wp-content\/uploads\/2026\/04\/IMG_3352.jpg\" alt=\"\" width=\"1536\" height=\"2048\" srcset=\"https:\/\/blog.fabricville.com\/wp-content\/uploads\/2026\/04\/IMG_3352.jpg 1536w, https:\/\/blog.fabricville.com\/wp-content\/uploads\/2026\/04\/IMG_3352-300x400.jpg 300w, https:\/\/blog.fabricville.com\/wp-content\/uploads\/2026\/04\/IMG_3352-768x1024.jpg 768w, https:\/\/blog.fabricville.com\/wp-content\/uploads\/2026\/04\/IMG_3352-1152x1536.jpg 1152w, https:\/\/blog.fabricville.com\/wp-content\/uploads\/2026\/04\/IMG_3352-755x1007.jpg 755w\" sizes=\"(max-width: 1536px) 100vw, 1536px\" \/><\/p>\n<p>&nbsp;<\/p>","protected":false},"excerpt":{"rendered":"<p class=\"qtranxs-available-languages-message qtranxs-available-languages-message-fr\">D\u00e9sol\u00e9, cet article est seulement disponible en Anglais.<\/p>\n<\/p>\n<p data-start=\"100\" data-end=\"421\">I was looking for a piece that\u2019s light, fluid, and easy to wear every day. Something you can slip on without overthinking, perfect for the poolside, a picnic, a patio, or a trip to the market.<br data-start=\"292\" data-end=\"295\" \/>This project delivers exactly that. That said, it\u2019s worth mentioning upfront: the pattern isn\u2019t difficult, it just takes time.<\/p>\n<p data-start=\"100\" data-end=\"421\">\n<p>  <a href=\"https:\/\/blog.fabricville.com\/fr\/a-dress-that-moves-with-you-all-summer-long\/\">&nbsp;&raquo;&nbsp;Read more about: Robe bain de soleil &nbsp;&raquo;<\/a><\/p>\n","protected":false},"author":39,"featured_media":10637,"comment_status":"closed","ping_status":"closed","sticky":false,"template":"","format":"standard","meta":{"footnotes":""},"categories":[40],"tags":[539,244,378,382,540,538,370],"class_list":["post-10606","post","type-post","status-publish","format-standard","has-post-thumbnail","hentry","category-fashion","tag-m8506","tag-couture","tag-green-dress","tag-maxi-dress","tag-mccalls-m8506","tag-robe-bain-de-soleil","tag-sundress"],"yoast_head":"<!-- This site is optimized with the Yoast SEO plugin v25.6 - https:\/\/yoast.com\/wordpress\/plugins\/seo\/ -->\n<title>Robe bain de soleil | Fabricville | Blog<\/title>\n<meta name=\"robots\" content=\"index, follow, max-snippet:-1, max-image-preview:large, max-video-preview:-1\" \/>\n<link rel=\"canonical\" href=\"https:\/\/blog.fabricville.com\/a-dress-that-moves-with-you-all-summer-long\/\" \/>\n<meta property=\"og:locale\" content=\"fr_FR\" \/>\n<meta property=\"og:type\" content=\"article\" \/>\n<meta property=\"og:title\" content=\"Robe bain de soleil | Fabricville | Blog\" \/>\n<meta property=\"og:description\" content=\"D\u00e9sol\u00e9, cet article est seulement disponible en Anglais. I was looking for a piece that\u2019s light, fluid, and easy to wear every day. Something you can slip on without overthinking, perfect for the poolside, a picnic, a patio, or a trip to the market.This project delivers exactly that. That said, it\u2019s worth mentioning upfront: the pattern isn\u2019t difficult, it just takes time.  &nbsp;&raquo;&nbsp;Read more about: Robe bain de soleil &nbsp;&raquo;\" \/>\n<meta property=\"og:url\" content=\"https:\/\/blog.fabricville.com\/a-dress-that-moves-with-you-all-summer-long\/\" \/>\n<meta property=\"og:site_name\" content=\"Fabricville | Blog\" \/>\n<meta property=\"article:publisher\" content=\"https:\/\/www.facebook.com\/fabricville\" \/>\n<meta property=\"article:author\" content=\"https:\/\/www.facebook.com\/lesclaudines\/?ref=bookmarks\" \/>\n<meta property=\"article:published_time\" content=\"2026-04-28T13:19:52+00:00\" \/>\n<meta property=\"og:image\" content=\"https:\/\/blog.fabricville.com\/wp-content\/uploads\/2026\/04\/Fall-Looks-10.jpg\" \/>\n\t<meta property=\"og:image:width\" content=\"363\" \/>\n\t<meta property=\"og:image:height\" content=\"200\" \/>\n\t<meta property=\"og:image:type\" content=\"image\/jpeg\" \/>\n<meta name=\"author\" content=\"Claudine Gauvin\" \/>\n<meta name=\"twitter:card\" content=\"summary_large_image\" \/>\n<meta name=\"twitter:creator\" content=\"@fabricville\" \/>\n<meta name=\"twitter:site\" content=\"@fabricville\" \/>\n<meta name=\"twitter:label1\" content=\"\u00c9crit par\" \/>\n\t<meta name=\"twitter:data1\" content=\"Claudine Gauvin\" \/>\n\t<meta name=\"twitter:label2\" content=\"Dur\u00e9e de lecture estim\u00e9e\" \/>\n\t<meta name=\"twitter:data2\" content=\"4 minutes\" \/>\n<script type=\"application\/ld+json\" class=\"yoast-schema-graph\">{\"@context\":\"https:\/\/schema.org\",\"@graph\":[{\"@type\":\"WebPage\",\"@id\":\"https:\/\/blog.fabricville.com\/a-dress-that-moves-with-you-all-summer-long\/\",\"url\":\"https:\/\/blog.fabricville.com\/a-dress-that-moves-with-you-all-summer-long\/\",\"name\":\"Robe bain de soleil | Fabricville | Blog\",\"isPartOf\":{\"@id\":\"https:\/\/blog.fabricville.com\/en\/#website\"},\"primaryImageOfPage\":{\"@id\":\"https:\/\/blog.fabricville.com\/a-dress-that-moves-with-you-all-summer-long\/#primaryimage\"},\"image\":{\"@id\":\"https:\/\/blog.fabricville.com\/a-dress-that-moves-with-you-all-summer-long\/#primaryimage\"},\"thumbnailUrl\":\"https:\/\/blog.fabricville.com\/wp-content\/uploads\/2026\/04\/Fall-Looks-10.jpg\",\"datePublished\":\"2026-04-28T13:19:52+00:00\",\"author\":{\"@id\":\"https:\/\/blog.fabricville.com\/en\/#\/schema\/person\/32fe9ba28f5abb4337780f53d59eeb01\"},\"breadcrumb\":{\"@id\":\"https:\/\/blog.fabricville.com\/a-dress-that-moves-with-you-all-summer-long\/#breadcrumb\"},\"inLanguage\":\"fr-FR\",\"potentialAction\":[{\"@type\":\"ReadAction\",\"target\":[\"https:\/\/blog.fabricville.com\/a-dress-that-moves-with-you-all-summer-long\/\"]}]},{\"@type\":\"ImageObject\",\"inLanguage\":\"fr-FR\",\"@id\":\"https:\/\/blog.fabricville.com\/a-dress-that-moves-with-you-all-summer-long\/#primaryimage\",\"url\":\"https:\/\/blog.fabricville.com\/wp-content\/uploads\/2026\/04\/Fall-Looks-10.jpg\",\"contentUrl\":\"https:\/\/blog.fabricville.com\/wp-content\/uploads\/2026\/04\/Fall-Looks-10.jpg\",\"width\":363,\"height\":200},{\"@type\":\"BreadcrumbList\",\"@id\":\"https:\/\/blog.fabricville.com\/a-dress-that-moves-with-you-all-summer-long\/#breadcrumb\",\"itemListElement\":[{\"@type\":\"ListItem\",\"position\":1,\"name\":\"Home\",\"item\":\"https:\/\/blog.fabricville.com\/en\/\"},{\"@type\":\"ListItem\",\"position\":2,\"name\":\"A dress that moves with you all summer long\"}]},{\"@type\":\"WebSite\",\"@id\":\"https:\/\/blog.fabricville.com\/en\/#website\",\"url\":\"https:\/\/blog.fabricville.com\/en\/\",\"name\":\"Fabricville | Blog\",\"description\":\"\",\"potentialAction\":[{\"@type\":\"SearchAction\",\"target\":{\"@type\":\"EntryPoint\",\"urlTemplate\":\"https:\/\/blog.fabricville.com\/en\/?s={search_term_string}\"},\"query-input\":{\"@type\":\"PropertyValueSpecification\",\"valueRequired\":true,\"valueName\":\"search_term_string\"}}],\"inLanguage\":\"fr-FR\"},{\"@type\":\"Person\",\"@id\":\"https:\/\/blog.fabricville.com\/en\/#\/schema\/person\/32fe9ba28f5abb4337780f53d59eeb01\",\"name\":\"Claudine Gauvin\",\"image\":{\"@type\":\"ImageObject\",\"inLanguage\":\"fr-FR\",\"@id\":\"https:\/\/blog.fabricville.com\/en\/#\/schema\/person\/image\/\",\"url\":\"https:\/\/blog.fabricville.com\/wp-content\/uploads\/2026\/04\/Untitled-design.png\",\"contentUrl\":\"https:\/\/blog.fabricville.com\/wp-content\/uploads\/2026\/04\/Untitled-design.png\",\"caption\":\"Claudine Gauvin\"},\"sameAs\":[\"http:\/\/Lesclaudines.com\",\"https:\/\/www.facebook.com\/lesclaudines\/?ref=bookmarks\",\"https:\/\/www.instagram.com\/lesclaudines\/\",\"https:\/\/pin.it\/1UDGwO2\",\"cgauvin14@gmail.com\"],\"url\":\"https:\/\/blog.fabricville.com\/fr\/author\/claudine-gauvin\/\"}]}<\/script>\n<!-- \/ Yoast SEO plugin. -->","yoast_head_json":{"title":"Robe bain de soleil | Fabricville | Blog","robots":{"index":"index","follow":"follow","max-snippet":"max-snippet:-1","max-image-preview":"max-image-preview:large","max-video-preview":"max-video-preview:-1"},"canonical":"https:\/\/blog.fabricville.com\/a-dress-that-moves-with-you-all-summer-long\/","og_locale":"fr_FR","og_type":"article","og_title":"Robe bain de soleil | Fabricville | Blog","og_description":"D\u00e9sol\u00e9, cet article est seulement disponible en Anglais. I was looking for a piece that\u2019s light, fluid, and easy to wear every day. Something you can slip on without overthinking, perfect for the poolside, a picnic, a patio, or a trip to the market.This project delivers exactly that. That said, it\u2019s worth mentioning upfront: the pattern isn\u2019t difficult, it just takes time.  &nbsp;&raquo;&nbsp;Read more about: Robe bain de soleil &nbsp;&raquo;","og_url":"https:\/\/blog.fabricville.com\/a-dress-that-moves-with-you-all-summer-long\/","og_site_name":"Fabricville | Blog","article_publisher":"https:\/\/www.facebook.com\/fabricville","article_author":"https:\/\/www.facebook.com\/lesclaudines\/?ref=bookmarks","article_published_time":"2026-04-28T13:19:52+00:00","og_image":[{"width":363,"height":200,"url":"https:\/\/blog.fabricville.com\/wp-content\/uploads\/2026\/04\/Fall-Looks-10.jpg","type":"image\/jpeg"}],"author":"Claudine Gauvin","twitter_card":"summary_large_image","twitter_creator":"@fabricville","twitter_site":"@fabricville","twitter_misc":{"\u00c9crit par":"Claudine Gauvin","Dur\u00e9e de lecture estim\u00e9e":"4 minutes"},"schema":{"@context":"https:\/\/schema.org","@graph":[{"@type":"WebPage","@id":"https:\/\/blog.fabricville.com\/a-dress-that-moves-with-you-all-summer-long\/","url":"https:\/\/blog.fabricville.com\/a-dress-that-moves-with-you-all-summer-long\/","name":"Robe bain de soleil | Fabricville | Blog","isPartOf":{"@id":"https:\/\/blog.fabricville.com\/en\/#website"},"primaryImageOfPage":{"@id":"https:\/\/blog.fabricville.com\/a-dress-that-moves-with-you-all-summer-long\/#primaryimage"},"image":{"@id":"https:\/\/blog.fabricville.com\/a-dress-that-moves-with-you-all-summer-long\/#primaryimage"},"thumbnailUrl":"https:\/\/blog.fabricville.com\/wp-content\/uploads\/2026\/04\/Fall-Looks-10.jpg","datePublished":"2026-04-28T13:19:52+00:00","author":{"@id":"https:\/\/blog.fabricville.com\/en\/#\/schema\/person\/32fe9ba28f5abb4337780f53d59eeb01"},"breadcrumb":{"@id":"https:\/\/blog.fabricville.com\/a-dress-that-moves-with-you-all-summer-long\/#breadcrumb"},"inLanguage":"fr-FR","potentialAction":[{"@type":"ReadAction","target":["https:\/\/blog.fabricville.com\/a-dress-that-moves-with-you-all-summer-long\/"]}]},{"@type":"ImageObject","inLanguage":"fr-FR","@id":"https:\/\/blog.fabricville.com\/a-dress-that-moves-with-you-all-summer-long\/#primaryimage","url":"https:\/\/blog.fabricville.com\/wp-content\/uploads\/2026\/04\/Fall-Looks-10.jpg","contentUrl":"https:\/\/blog.fabricville.com\/wp-content\/uploads\/2026\/04\/Fall-Looks-10.jpg","width":363,"height":200},{"@type":"BreadcrumbList","@id":"https:\/\/blog.fabricville.com\/a-dress-that-moves-with-you-all-summer-long\/#breadcrumb","itemListElement":[{"@type":"ListItem","position":1,"name":"Home","item":"https:\/\/blog.fabricville.com\/en\/"},{"@type":"ListItem","position":2,"name":"A dress that moves with you all summer long"}]},{"@type":"WebSite","@id":"https:\/\/blog.fabricville.com\/en\/#website","url":"https:\/\/blog.fabricville.com\/en\/","name":"Fabricville | Blog","description":"","potentialAction":[{"@type":"SearchAction","target":{"@type":"EntryPoint","urlTemplate":"https:\/\/blog.fabricville.com\/en\/?s={search_term_string}"},"query-input":{"@type":"PropertyValueSpecification","valueRequired":true,"valueName":"search_term_string"}}],"inLanguage":"fr-FR"},{"@type":"Person","@id":"https:\/\/blog.fabricville.com\/en\/#\/schema\/person\/32fe9ba28f5abb4337780f53d59eeb01","name":"Claudine Gauvin","image":{"@type":"ImageObject","inLanguage":"fr-FR","@id":"https:\/\/blog.fabricville.com\/en\/#\/schema\/person\/image\/","url":"https:\/\/blog.fabricville.com\/wp-content\/uploads\/2026\/04\/Untitled-design.png","contentUrl":"https:\/\/blog.fabricville.com\/wp-content\/uploads\/2026\/04\/Untitled-design.png","caption":"Claudine Gauvin"},"sameAs":["http:\/\/Lesclaudines.com","https:\/\/www.facebook.com\/lesclaudines\/?ref=bookmarks","https:\/\/www.instagram.com\/lesclaudines\/","https:\/\/pin.it\/1UDGwO2","cgauvin14@gmail.com"],"url":"https:\/\/blog.fabricville.com\/fr\/author\/claudine-gauvin\/"}]}},"_links":{"self":[{"href":"https:\/\/blog.fabricville.com\/fr\/wp-json\/wp\/v2\/posts\/10606"}],"collection":[{"href":"https:\/\/blog.fabricville.com\/fr\/wp-json\/wp\/v2\/posts"}],"about":[{"href":"https:\/\/blog.fabricville.com\/fr\/wp-json\/wp\/v2\/types\/post"}],"author":[{"embeddable":true,"href":"https:\/\/blog.fabricville.com\/fr\/wp-json\/wp\/v2\/users\/39"}],"replies":[{"embeddable":true,"href":"https:\/\/blog.fabricville.com\/fr\/wp-json\/wp\/v2\/comments?post=10606"}],"version-history":[{"count":19,"href":"https:\/\/blog.fabricville.com\/fr\/wp-json\/wp\/v2\/posts\/10606\/revisions"}],"predecessor-version":[{"id":10638,"href":"https:\/\/blog.fabricville.com\/fr\/wp-json\/wp\/v2\/posts\/10606\/revisions\/10638"}],"wp:featuredmedia":[{"embeddable":true,"href":"https:\/\/blog.fabricville.com\/fr\/wp-json\/wp\/v2\/media\/10637"}],"wp:attachment":[{"href":"https:\/\/blog.fabricville.com\/fr\/wp-json\/wp\/v2\/media?parent=10606"}],"wp:term":[{"taxonomy":"category","embeddable":true,"href":"https:\/\/blog.fabricville.com\/fr\/wp-json\/wp\/v2\/categories?post=10606"},{"taxonomy":"post_tag","embeddable":true,"href":"https:\/\/blog.fabricville.com\/fr\/wp-json\/wp\/v2\/tags?post=10606"}],"curies":[{"name":"wp","href":"https:\/\/api.w.org\/{rel}","templated":true}]}}