{"id":1656,"date":"2017-11-20T15:03:35","date_gmt":"2017-11-20T15:03:35","guid":{"rendered":"https:\/\/blog.fabricville.com\/?p=1656"},"modified":"2018-11-14T19:08:51","modified_gmt":"2018-11-14T19:08:51","slug":"classy-fall-outfit","status":"publish","type":"post","link":"https:\/\/blog.fabricville.com\/fr\/classy-fall-outfit\/","title":{"rendered":"Chic pour l&rsquo;automne"},"content":{"rendered":"<p>Le mois de Novembre est souvent synonyme de journ\u00e9es grises et sombre. J&rsquo;ai d\u00e9cid\u00e9 de prendre les choses en main et d&rsquo;ajouter des fleurs et des couleurs \u00e0 ma garde-robe d&rsquo;automne! Pour ce look, j&rsquo;ai cousu le patron <a href=\"https:\/\/fabricville.com\/fr\/catalogsearch\/result\/?q=Vogue+1509+\">Vogue 1509 <\/a>de Anne Klein. <!--more--><\/p>\n<p>&nbsp;<\/p>\n<p><img loading=\"lazy\" decoding=\"async\" class=\"aligncenter wp-image-1648\" src=\"https:\/\/blog.fabricville.com\/wp-content\/uploads\/2017\/11\/fall-outfit-10.jpg\" alt=\"\" width=\"600\" height=\"400\" \/><\/p>\n<h3>Le tissu<\/h3>\n<p>Pour ce top j&rsquo;ai utilis\u00e9 le tissu <a href=\"https:\/\/fabricville.com\/fr\/catalogsearch\/result\/?q=Cr%C3%AApe+imprim%C3%A9+extens\">Cr\u00eape imprim\u00e9 extensible Chagall <\/a>&#8211; Calico en couleur prune. Pour les pantalons, j&rsquo;ai utilis\u00e9 le denim extensible de couleur Rouille. Ces tissus sont disponibles en plusieurs imprim\u00e9s et couleurs! J&rsquo;ai lav\u00e9 les deux tissus avant de proc\u00e9der \u00e0 la coupe. Pour le tissu cr\u00eape de polyester, j&rsquo;ai lav\u00e9 \u00e0 la main sur le cycle d\u00e9licat pour ensuite laisser s\u00e9cher \u00e0 l&rsquo;air durant quelques heures. J&rsquo;ai aussi lav\u00e9 et s\u00e9ch\u00e9 le denim \u00e0 la machine. Les tissus ont maintenu leur int\u00e9grit\u00e9 apr\u00e8s le lavage.<\/p>\n<p><img loading=\"lazy\" decoding=\"async\" class=\"aligncenter wp-image-1650\" src=\"https:\/\/blog.fabricville.com\/wp-content\/uploads\/2017\/11\/fall-outfit-6.jpg\" alt=\"\" width=\"400\" height=\"600\" srcset=\"https:\/\/blog.fabricville.com\/wp-content\/uploads\/2017\/11\/fall-outfit-6.jpg 683w, https:\/\/blog.fabricville.com\/wp-content\/uploads\/2017\/11\/fall-outfit-6-200x300.jpg 200w\" sizes=\"(max-width: 400px) 100vw, 400px\" \/><\/p>\n<h3>Le patron<\/h3>\n<p>Vogue 1509 est un patron parfait pour cr\u00e9er un ensemble pour les sorties de jour ou le boulot. Cette version dans des couleurs chaudes d&rsquo;automne me plait beaucoup. Cette tunique a plusieurs d\u00e9tails int\u00e9ressants tels que l&#8217;empi\u00e8cement de dos et devant, des fausses poches passepoil\u00e9es et une fermeture a bouton invisible. Les pantalons sont semi-ajust\u00e9s. Ils contiennent une poche passepoil\u00e9e (que j&rsquo;ai omise) et une fermeture \u00e0 braguette. Ce patron est cot\u00e9 \u00ab\u00a0Moins Facile\u00a0\u00bb. J&rsquo;ai d\u00e9cid\u00e9 de porter les manches longues, donc je n&rsquo;ai pas ajout\u00e9 de pattes afin de retrousser les manches.<\/p>\n<p><img loading=\"lazy\" decoding=\"async\" class=\"aligncenter wp-image-1652\" src=\"https:\/\/blog.fabricville.com\/wp-content\/uploads\/2017\/11\/fall-outfit-8.jpg\" alt=\"\" width=\"400\" height=\"600\" srcset=\"https:\/\/blog.fabricville.com\/wp-content\/uploads\/2017\/11\/fall-outfit-8.jpg 683w, https:\/\/blog.fabricville.com\/wp-content\/uploads\/2017\/11\/fall-outfit-8-200x300.jpg 200w\" sizes=\"(max-width: 400px) 100vw, 400px\" \/><\/p>\n<h3>Couture<\/h3>\n<p>Ces tissus ont \u00e9t\u00e9 agr\u00e9able \u00e0 coudre. Le tissu cr\u00eape est un peu \u00e9lastique et m&rsquo;a donn\u00e9 un peu de difficult\u00e9 lorsque vint le moment de coudre mes boutonni\u00e8res. J&rsquo;ai suivi les instructions de patron un peu na\u00efvement. J&rsquo;ai replier la patte \u00e0 boutons deux fois plut\u00f4t que de la stabiliser avec un entoilage. R\u00e9sultats: la machine a eu beaucoup de mal \u00e0 avancer durant la cr\u00e9ation des boutonni\u00e8res. Elles ne sont pas aussi belles que d\u00e9sir\u00e9. Alors je sugg\u00e8re de stabiliser ce tissu +++ si l&rsquo;on d\u00e9sire coudre des boutonni\u00e8res! Le denim \u00e9tait tr\u00e8s docile et ne m&rsquo;a pas caus\u00e9 de soucis!<\/p>\n<p>J&rsquo;ai d\u00e9cid\u00e9 d&rsquo;agencer un sac de couleur prune et des bottines cognac \u00e0 cet ensemble. Cela m&rsquo;a permis d&rsquo;obtenir ce look super appropri\u00e9 pour l&rsquo;automne!<\/p>\n<p><img loading=\"lazy\" decoding=\"async\" class=\"aligncenter wp-image-1653\" src=\"https:\/\/blog.fabricville.com\/wp-content\/uploads\/2017\/11\/fall-outfit-9.jpg\" alt=\"\" width=\"400\" height=\"600\" srcset=\"https:\/\/blog.fabricville.com\/wp-content\/uploads\/2017\/11\/fall-outfit-9.jpg 683w, https:\/\/blog.fabricville.com\/wp-content\/uploads\/2017\/11\/fall-outfit-9-200x300.jpg 200w\" sizes=\"(max-width: 400px) 100vw, 400px\" \/><\/p>\n<p>J&rsquo;adore cet ensemble et j&rsquo;aimerais bien avoir suffisamment de temps pour le cr\u00e9er en utilisant d&rsquo;autres combinaisons de couleur. Quel bonheur d&rsquo;ajouter des pi\u00e8ces faciles \u00e0 agencer \u00e0 d&rsquo;autre items d\u00e9j\u00e0 pr\u00e9sents dans ma garde-robe! C&rsquo;est souvent un d\u00e9fi pour moi de trouver des items que je peux facilement agencer de diff\u00e9rentes mani\u00e8res dans ma petite collection. Ce patron m&rsquo;aidera \u00e0 combler ce besoin!<\/p>\n<p><img loading=\"lazy\" decoding=\"async\" class=\"aligncenter wp-image-1654\" src=\"https:\/\/blog.fabricville.com\/wp-content\/uploads\/2017\/11\/fall-outfit-3.jpg\" alt=\"\" width=\"400\" height=\"600\" srcset=\"https:\/\/blog.fabricville.com\/wp-content\/uploads\/2017\/11\/fall-outfit-3.jpg 683w, https:\/\/blog.fabricville.com\/wp-content\/uploads\/2017\/11\/fall-outfit-3-200x300.jpg 200w\" sizes=\"(max-width: 400px) 100vw, 400px\" \/><\/p>\n<p>\u00c0 bient\u00f4t!<\/p>\n<p>Judith Dee de Judith Dee&rsquo;s World<\/p>","protected":false},"excerpt":{"rendered":"<p class=\"qtranxs-available-languages-message qtranxs-available-languages-message-fr\">D\u00e9sol\u00e9, cet article est seulement disponible en Anglais.<\/p>\n<p>November is here and this means lots of grey and dark days. I made it a mission to add a couple of brighter fall make to my Fall wardrobe. For this look I decided to create Anne Klein&rsquo;s <a href=\"https:\/\/fabricville.com\/en\/catalogsearch\/result\/?q=Vogue+1509\">Vogue 1509<\/a>.<\/p>\n<p>  <a href=\"https:\/\/blog.fabricville.com\/fr\/classy-fall-outfit\/\">&nbsp;&raquo;&nbsp;Read more about: Chic pour l&rsquo;automne &nbsp;&raquo;<\/a><\/p>\n","protected":false},"author":9,"featured_media":1659,"comment_status":"open","ping_status":"open","sticky":false,"template":"","format":"standard","meta":{"footnotes":""},"categories":[40],"tags":[],"class_list":["post-1656","post","type-post","status-publish","format-standard","has-post-thumbnail","hentry","category-fashion"],"yoast_head":"<!-- This site is optimized with the Yoast SEO plugin v25.6 - https:\/\/yoast.com\/wordpress\/plugins\/seo\/ -->\n<title>Chic pour l&#039;automne | Fabricville | Blog<\/title>\n<meta name=\"robots\" content=\"index, follow, max-snippet:-1, max-image-preview:large, max-video-preview:-1\" \/>\n<link rel=\"canonical\" href=\"https:\/\/blog.fabricville.com\/classy-fall-outfit\/\" \/>\n<meta property=\"og:locale\" content=\"fr_FR\" \/>\n<meta property=\"og:type\" content=\"article\" \/>\n<meta property=\"og:title\" content=\"Chic pour l&#039;automne | Fabricville | Blog\" \/>\n<meta property=\"og:description\" content=\"D\u00e9sol\u00e9, cet article est seulement disponible en Anglais.November is here and this means lots of grey and dark days. I made it a mission to add a couple of brighter fall make to my Fall wardrobe. For this look I decided to create Anne Klein&rsquo;s Vogue 1509. &nbsp;&raquo;&nbsp;Read more about: Chic pour l&rsquo;automne &nbsp;&raquo;\" \/>\n<meta property=\"og:url\" content=\"https:\/\/blog.fabricville.com\/classy-fall-outfit\/\" \/>\n<meta property=\"og:site_name\" content=\"Fabricville | Blog\" \/>\n<meta property=\"article:publisher\" content=\"https:\/\/www.facebook.com\/fabricville\" \/>\n<meta property=\"article:published_time\" content=\"2017-11-20T15:03:35+00:00\" \/>\n<meta property=\"article:modified_time\" content=\"2018-11-14T19:08:51+00:00\" \/>\n<meta property=\"og:image\" content=\"https:\/\/blog.fabricville.com\/wp-content\/uploads\/2017\/11\/fall-outfit-10.jpg\" \/>\n\t<meta property=\"og:image:width\" content=\"1024\" \/>\n\t<meta property=\"og:image:height\" content=\"683\" \/>\n\t<meta property=\"og:image:type\" content=\"image\/jpeg\" \/>\n<meta name=\"author\" content=\"Judith Dee for Judith Dee&#039;s World\" \/>\n<meta name=\"twitter:card\" content=\"summary_large_image\" \/>\n<meta name=\"twitter:creator\" content=\"@fabricville\" \/>\n<meta name=\"twitter:site\" content=\"@fabricville\" \/>\n<meta name=\"twitter:label1\" content=\"\u00c9crit par\" \/>\n\t<meta name=\"twitter:data1\" content=\"Judith Dee for Judith Dee&#039;s World\" \/>\n\t<meta name=\"twitter:label2\" content=\"Dur\u00e9e de lecture estim\u00e9e\" \/>\n\t<meta name=\"twitter:data2\" content=\"4 minutes\" \/>\n<script type=\"application\/ld+json\" class=\"yoast-schema-graph\">{\"@context\":\"https:\/\/schema.org\",\"@graph\":[{\"@type\":\"WebPage\",\"@id\":\"https:\/\/blog.fabricville.com\/classy-fall-outfit\/\",\"url\":\"https:\/\/blog.fabricville.com\/classy-fall-outfit\/\",\"name\":\"Chic pour l'automne | Fabricville | Blog\",\"isPartOf\":{\"@id\":\"https:\/\/blog.fabricville.com\/en\/#website\"},\"primaryImageOfPage\":{\"@id\":\"https:\/\/blog.fabricville.com\/classy-fall-outfit\/#primaryimage\"},\"image\":{\"@id\":\"https:\/\/blog.fabricville.com\/classy-fall-outfit\/#primaryimage\"},\"thumbnailUrl\":\"https:\/\/blog.fabricville.com\/wp-content\/uploads\/2017\/11\/fall-outfit-10.jpg\",\"datePublished\":\"2017-11-20T15:03:35+00:00\",\"dateModified\":\"2018-11-14T19:08:51+00:00\",\"author\":{\"@id\":\"https:\/\/blog.fabricville.com\/en\/#\/schema\/person\/09e256fd4fc43c8986d03de3da907920\"},\"breadcrumb\":{\"@id\":\"https:\/\/blog.fabricville.com\/classy-fall-outfit\/#breadcrumb\"},\"inLanguage\":\"fr-FR\",\"potentialAction\":[{\"@type\":\"ReadAction\",\"target\":[\"https:\/\/blog.fabricville.com\/classy-fall-outfit\/\"]}]},{\"@type\":\"ImageObject\",\"inLanguage\":\"fr-FR\",\"@id\":\"https:\/\/blog.fabricville.com\/classy-fall-outfit\/#primaryimage\",\"url\":\"https:\/\/blog.fabricville.com\/wp-content\/uploads\/2017\/11\/fall-outfit-10.jpg\",\"contentUrl\":\"https:\/\/blog.fabricville.com\/wp-content\/uploads\/2017\/11\/fall-outfit-10.jpg\",\"width\":1024,\"height\":683},{\"@type\":\"BreadcrumbList\",\"@id\":\"https:\/\/blog.fabricville.com\/classy-fall-outfit\/#breadcrumb\",\"itemListElement\":[{\"@type\":\"ListItem\",\"position\":1,\"name\":\"Home\",\"item\":\"https:\/\/blog.fabricville.com\/en\/\"},{\"@type\":\"ListItem\",\"position\":2,\"name\":\"Classy Fall Outfit\"}]},{\"@type\":\"WebSite\",\"@id\":\"https:\/\/blog.fabricville.com\/en\/#website\",\"url\":\"https:\/\/blog.fabricville.com\/en\/\",\"name\":\"Fabricville | Blog\",\"description\":\"\",\"potentialAction\":[{\"@type\":\"SearchAction\",\"target\":{\"@type\":\"EntryPoint\",\"urlTemplate\":\"https:\/\/blog.fabricville.com\/en\/?s={search_term_string}\"},\"query-input\":{\"@type\":\"PropertyValueSpecification\",\"valueRequired\":true,\"valueName\":\"search_term_string\"}}],\"inLanguage\":\"fr-FR\"},{\"@type\":\"Person\",\"@id\":\"https:\/\/blog.fabricville.com\/en\/#\/schema\/person\/09e256fd4fc43c8986d03de3da907920\",\"name\":\"Judith Dee for Judith Dee's World\",\"image\":{\"@type\":\"ImageObject\",\"inLanguage\":\"fr-FR\",\"@id\":\"https:\/\/blog.fabricville.com\/en\/#\/schema\/person\/image\/\",\"url\":\"https:\/\/blog.fabricville.com\/wp-content\/uploads\/2016\/03\/DSC_3131-2-600-x-400.jpg\",\"contentUrl\":\"https:\/\/blog.fabricville.com\/wp-content\/uploads\/2016\/03\/DSC_3131-2-600-x-400.jpg\",\"caption\":\"Judith Dee for Judith Dee's World\"},\"url\":\"https:\/\/blog.fabricville.com\/fr\/author\/judith-dee\/\"}]}<\/script>\n<!-- \/ Yoast SEO plugin. -->","yoast_head_json":{"title":"Chic pour l'automne | Fabricville | Blog","robots":{"index":"index","follow":"follow","max-snippet":"max-snippet:-1","max-image-preview":"max-image-preview:large","max-video-preview":"max-video-preview:-1"},"canonical":"https:\/\/blog.fabricville.com\/classy-fall-outfit\/","og_locale":"fr_FR","og_type":"article","og_title":"Chic pour l'automne | Fabricville | Blog","og_description":"D\u00e9sol\u00e9, cet article est seulement disponible en Anglais.November is here and this means lots of grey and dark days. I made it a mission to add a couple of brighter fall make to my Fall wardrobe. For this look I decided to create Anne Klein&rsquo;s Vogue 1509. &nbsp;&raquo;&nbsp;Read more about: Chic pour l&rsquo;automne &nbsp;&raquo;","og_url":"https:\/\/blog.fabricville.com\/classy-fall-outfit\/","og_site_name":"Fabricville | Blog","article_publisher":"https:\/\/www.facebook.com\/fabricville","article_published_time":"2017-11-20T15:03:35+00:00","article_modified_time":"2018-11-14T19:08:51+00:00","og_image":[{"width":1024,"height":683,"url":"https:\/\/blog.fabricville.com\/wp-content\/uploads\/2017\/11\/fall-outfit-10.jpg","type":"image\/jpeg"}],"author":"Judith Dee for Judith Dee's World","twitter_card":"summary_large_image","twitter_creator":"@fabricville","twitter_site":"@fabricville","twitter_misc":{"\u00c9crit par":"Judith Dee for Judith Dee's World","Dur\u00e9e de lecture estim\u00e9e":"4 minutes"},"schema":{"@context":"https:\/\/schema.org","@graph":[{"@type":"WebPage","@id":"https:\/\/blog.fabricville.com\/classy-fall-outfit\/","url":"https:\/\/blog.fabricville.com\/classy-fall-outfit\/","name":"Chic pour l'automne | Fabricville | Blog","isPartOf":{"@id":"https:\/\/blog.fabricville.com\/en\/#website"},"primaryImageOfPage":{"@id":"https:\/\/blog.fabricville.com\/classy-fall-outfit\/#primaryimage"},"image":{"@id":"https:\/\/blog.fabricville.com\/classy-fall-outfit\/#primaryimage"},"thumbnailUrl":"https:\/\/blog.fabricville.com\/wp-content\/uploads\/2017\/11\/fall-outfit-10.jpg","datePublished":"2017-11-20T15:03:35+00:00","dateModified":"2018-11-14T19:08:51+00:00","author":{"@id":"https:\/\/blog.fabricville.com\/en\/#\/schema\/person\/09e256fd4fc43c8986d03de3da907920"},"breadcrumb":{"@id":"https:\/\/blog.fabricville.com\/classy-fall-outfit\/#breadcrumb"},"inLanguage":"fr-FR","potentialAction":[{"@type":"ReadAction","target":["https:\/\/blog.fabricville.com\/classy-fall-outfit\/"]}]},{"@type":"ImageObject","inLanguage":"fr-FR","@id":"https:\/\/blog.fabricville.com\/classy-fall-outfit\/#primaryimage","url":"https:\/\/blog.fabricville.com\/wp-content\/uploads\/2017\/11\/fall-outfit-10.jpg","contentUrl":"https:\/\/blog.fabricville.com\/wp-content\/uploads\/2017\/11\/fall-outfit-10.jpg","width":1024,"height":683},{"@type":"BreadcrumbList","@id":"https:\/\/blog.fabricville.com\/classy-fall-outfit\/#breadcrumb","itemListElement":[{"@type":"ListItem","position":1,"name":"Home","item":"https:\/\/blog.fabricville.com\/en\/"},{"@type":"ListItem","position":2,"name":"Classy Fall Outfit"}]},{"@type":"WebSite","@id":"https:\/\/blog.fabricville.com\/en\/#website","url":"https:\/\/blog.fabricville.com\/en\/","name":"Fabricville | Blog","description":"","potentialAction":[{"@type":"SearchAction","target":{"@type":"EntryPoint","urlTemplate":"https:\/\/blog.fabricville.com\/en\/?s={search_term_string}"},"query-input":{"@type":"PropertyValueSpecification","valueRequired":true,"valueName":"search_term_string"}}],"inLanguage":"fr-FR"},{"@type":"Person","@id":"https:\/\/blog.fabricville.com\/en\/#\/schema\/person\/09e256fd4fc43c8986d03de3da907920","name":"Judith Dee for Judith Dee's World","image":{"@type":"ImageObject","inLanguage":"fr-FR","@id":"https:\/\/blog.fabricville.com\/en\/#\/schema\/person\/image\/","url":"https:\/\/blog.fabricville.com\/wp-content\/uploads\/2016\/03\/DSC_3131-2-600-x-400.jpg","contentUrl":"https:\/\/blog.fabricville.com\/wp-content\/uploads\/2016\/03\/DSC_3131-2-600-x-400.jpg","caption":"Judith Dee for Judith Dee's World"},"url":"https:\/\/blog.fabricville.com\/fr\/author\/judith-dee\/"}]}},"_links":{"self":[{"href":"https:\/\/blog.fabricville.com\/fr\/wp-json\/wp\/v2\/posts\/1656"}],"collection":[{"href":"https:\/\/blog.fabricville.com\/fr\/wp-json\/wp\/v2\/posts"}],"about":[{"href":"https:\/\/blog.fabricville.com\/fr\/wp-json\/wp\/v2\/types\/post"}],"author":[{"embeddable":true,"href":"https:\/\/blog.fabricville.com\/fr\/wp-json\/wp\/v2\/users\/9"}],"replies":[{"embeddable":true,"href":"https:\/\/blog.fabricville.com\/fr\/wp-json\/wp\/v2\/comments?post=1656"}],"version-history":[{"count":27,"href":"https:\/\/blog.fabricville.com\/fr\/wp-json\/wp\/v2\/posts\/1656\/revisions"}],"predecessor-version":[{"id":1704,"href":"https:\/\/blog.fabricville.com\/fr\/wp-json\/wp\/v2\/posts\/1656\/revisions\/1704"}],"wp:featuredmedia":[{"embeddable":true,"href":"https:\/\/blog.fabricville.com\/fr\/wp-json\/wp\/v2\/media\/1659"}],"wp:attachment":[{"href":"https:\/\/blog.fabricville.com\/fr\/wp-json\/wp\/v2\/media?parent=1656"}],"wp:term":[{"taxonomy":"category","embeddable":true,"href":"https:\/\/blog.fabricville.com\/fr\/wp-json\/wp\/v2\/categories?post=1656"},{"taxonomy":"post_tag","embeddable":true,"href":"https:\/\/blog.fabricville.com\/fr\/wp-json\/wp\/v2\/tags?post=1656"}],"curies":[{"name":"wp","href":"https:\/\/api.w.org\/{rel}","templated":true}]}}