{"id":3432,"date":"2018-11-14T18:53:01","date_gmt":"2018-11-14T18:53:01","guid":{"rendered":"https:\/\/blog.fabricville.com\/?p=3432"},"modified":"2018-11-14T19:05:00","modified_gmt":"2018-11-14T19:05:00","slug":"fabricville-newsletter-outerwear-trends","status":"publish","type":"post","link":"https:\/\/blog.fabricville.com\/fr\/fabricville-newsletter-outerwear-trends\/","title":{"rendered":"Infolettre Fabricville &#8211; tendances manteaux"},"content":{"rendered":"<p>L\u2019hiver arrivera sous peu! D\u00e8s que la temp\u00e9rature chute, un beau manteau chaud et une bonne paire de bottes deviennent rapidement une n\u00e9cessit\u00e9. D\u00e9sirez-vous vous confectionner votre propre manteau d&rsquo;hiver? Vous trouverez dans cette infolettre tout ce dont vous aurez besoin pour vous en cr\u00e9er un.<!--more--><\/p>\n<p>&nbsp;<\/p>\n<p>&nbsp;<\/p>\n<p style=\"text-align: center;\"><img loading=\"lazy\" decoding=\"async\" class=\"alignnone size-full wp-image-3553\" src=\"https:\/\/blog.fabricville.com\/wp-content\/uploads\/2018\/11\/FAB_Newsletter_Blog_Fall-Winter_FR_01.jpg\" alt=\"\" width=\"725\" height=\"50\" srcset=\"https:\/\/blog.fabricville.com\/wp-content\/uploads\/2018\/11\/FAB_Newsletter_Blog_Fall-Winter_FR_01.jpg 725w, https:\/\/blog.fabricville.com\/wp-content\/uploads\/2018\/11\/FAB_Newsletter_Blog_Fall-Winter_FR_01-300x21.jpg 300w\" sizes=\"(max-width: 725px) 100vw, 725px\" \/><\/p>\n<p style=\"text-align: center;\"><img loading=\"lazy\" decoding=\"async\" class=\"alignnone wp-image-3550 size-full\" src=\"https:\/\/blog.fabricville.com\/wp-content\/uploads\/2018\/11\/FAB_Newsletter_Blog_Fall_FR_01.jpg\" alt=\"\" width=\"725\" height=\"50\" \/>Des styles les plus classiques aux mod\u00e8les les plus \u00e9clat\u00e9s, j\u2019ai r\u00e9uni ici pour vous les manteaux d\u2019hiver les plus en vogue cette saison.<\/p>\n<p>&nbsp;<\/p>\n<p>&nbsp;<\/p>\n<p>&nbsp;<\/p>\n<p style=\"text-align: center;\"><img loading=\"lazy\" decoding=\"async\" class=\"alignnone size-full wp-image-3554\" src=\"https:\/\/blog.fabricville.com\/wp-content\/uploads\/2018\/11\/FAB_Newsletter_Blog_Fall-Winter_FR_02.jpg\" alt=\"\" width=\"725\" height=\"50\" srcset=\"https:\/\/blog.fabricville.com\/wp-content\/uploads\/2018\/11\/FAB_Newsletter_Blog_Fall-Winter_FR_02.jpg 725w, https:\/\/blog.fabricville.com\/wp-content\/uploads\/2018\/11\/FAB_Newsletter_Blog_Fall-Winter_FR_02-300x21.jpg 300w\" sizes=\"(max-width: 725px) 100vw, 725px\" \/><\/p>\n<p>Cette ann\u00e9e, la tendance la plus fantaisiste est certes le manteau ourson de peluche. Pour une tendance plus facile \u00e0 porter, le manteau en fausse fourrure est parfait pour montrer votre petit c\u00f4t\u00e9 glamour.<\/p>\n<h2><\/h2>\n<p style=\"text-align: center;\"><img loading=\"lazy\" decoding=\"async\" class=\"alignnone size-large wp-image-3463\" src=\"https:\/\/blog.fabricville.com\/wp-content\/uploads\/2018\/11\/FAB_Newsletter_Blog_Fall_EN_07-604x1024.jpg\" alt=\"\" width=\"604\" height=\"1024\" srcset=\"https:\/\/blog.fabricville.com\/wp-content\/uploads\/2018\/11\/FAB_Newsletter_Blog_Fall_EN_07-604x1024.jpg 604w, https:\/\/blog.fabricville.com\/wp-content\/uploads\/2018\/11\/FAB_Newsletter_Blog_Fall_EN_07-177x300.jpg 177w, https:\/\/blog.fabricville.com\/wp-content\/uploads\/2018\/11\/FAB_Newsletter_Blog_Fall_EN_07.jpg 725w\" sizes=\"(max-width: 604px) 100vw, 604px\" \/><\/p>\n<p>&nbsp;<\/p>\n<h2><\/h2>\n<p style=\"text-align: center;\"><img loading=\"lazy\" decoding=\"async\" class=\"alignnone wp-image-3555 size-full\" src=\"https:\/\/blog.fabricville.com\/wp-content\/uploads\/2018\/11\/FAB_Newsletter_Blog_Fall-Winter_FR_03.jpg\" alt=\"\" width=\"725\" height=\"50\" srcset=\"https:\/\/blog.fabricville.com\/wp-content\/uploads\/2018\/11\/FAB_Newsletter_Blog_Fall-Winter_FR_03.jpg 725w, https:\/\/blog.fabricville.com\/wp-content\/uploads\/2018\/11\/FAB_Newsletter_Blog_Fall-Winter_FR_03-300x21.jpg 300w\" sizes=\"(max-width: 725px) 100vw, 725px\" \/><\/p>\n<p>Les manteaux d\u2019hiver peuvent parfois dissimuler notre silhouette et cacher nos meilleurs atouts. Mettez votre taille en valeur en optant pour un style trench ou un manteau cache-c\u0153ur ceintur\u00e9.<\/p>\n<p style=\"text-align: center;\"><img loading=\"lazy\" decoding=\"async\" class=\"alignnone size-large wp-image-3465\" src=\"https:\/\/blog.fabricville.com\/wp-content\/uploads\/2018\/11\/FAB_Newsletter_Blog_Fall_EN_16-583x1024.jpg\" alt=\"\" width=\"583\" height=\"1024\" srcset=\"https:\/\/blog.fabricville.com\/wp-content\/uploads\/2018\/11\/FAB_Newsletter_Blog_Fall_EN_16-583x1024.jpg 583w, https:\/\/blog.fabricville.com\/wp-content\/uploads\/2018\/11\/FAB_Newsletter_Blog_Fall_EN_16-171x300.jpg 171w, https:\/\/blog.fabricville.com\/wp-content\/uploads\/2018\/11\/FAB_Newsletter_Blog_Fall_EN_16.jpg 725w\" sizes=\"(max-width: 583px) 100vw, 583px\" \/><\/p>\n<p>&nbsp;<\/p>\n<h2><\/h2>\n<p style=\"text-align: center;\"><img loading=\"lazy\" decoding=\"async\" class=\"alignnone wp-image-3556 size-full\" src=\"https:\/\/blog.fabricville.com\/wp-content\/uploads\/2018\/11\/FAB_Newsletter_Blog_Fall-Winter_FR_04.jpg\" alt=\"\" width=\"725\" height=\"50\" srcset=\"https:\/\/blog.fabricville.com\/wp-content\/uploads\/2018\/11\/FAB_Newsletter_Blog_Fall-Winter_FR_04.jpg 725w, https:\/\/blog.fabricville.com\/wp-content\/uploads\/2018\/11\/FAB_Newsletter_Blog_Fall-Winter_FR_04-300x21.jpg 300w\" sizes=\"(max-width: 725px) 100vw, 725px\" \/><\/p>\n<p>Une de mes tendances pr\u00e9f\u00e9r\u00e9es cette ann\u00e9e est le retour des tissus \u00e0 carreaux. Les carreaux, le pied-de-poule, le prince-de-Galles et le tartan sont tous parfaits pour un manteau d\u2019hiver des plus chics.<\/p>\n<p style=\"text-align: center;\"><img loading=\"lazy\" decoding=\"async\" class=\"alignnone size-full wp-image-3468\" src=\"https:\/\/blog.fabricville.com\/wp-content\/uploads\/2018\/11\/FAB_Newsletter_Blog_Fall-Winter_EN_16.jpg\" alt=\"\" width=\"724\" height=\"895\" srcset=\"https:\/\/blog.fabricville.com\/wp-content\/uploads\/2018\/11\/FAB_Newsletter_Blog_Fall-Winter_EN_16.jpg 724w, https:\/\/blog.fabricville.com\/wp-content\/uploads\/2018\/11\/FAB_Newsletter_Blog_Fall-Winter_EN_16-243x300.jpg 243w\" sizes=\"(max-width: 724px) 100vw, 724px\" \/><\/p>\n<p>&nbsp;<\/p>\n<h2><\/h2>\n<p style=\"text-align: center;\"><img loading=\"lazy\" decoding=\"async\" class=\"alignnone wp-image-3557 size-full\" src=\"https:\/\/blog.fabricville.com\/wp-content\/uploads\/2018\/11\/FAB_Newsletter_Blog_Fall-Winter_FR_05.jpg\" alt=\"\" width=\"724\" height=\"50\" srcset=\"https:\/\/blog.fabricville.com\/wp-content\/uploads\/2018\/11\/FAB_Newsletter_Blog_Fall-Winter_FR_05.jpg 724w, https:\/\/blog.fabricville.com\/wp-content\/uploads\/2018\/11\/FAB_Newsletter_Blog_Fall-Winter_FR_05-300x21.jpg 300w\" sizes=\"(max-width: 724px) 100vw, 724px\" \/><\/p>\n<p>Le manteau classique est ind\u00e9modable. Son style passe-partout vous donne fi\u00e8re allure en toute circonstance.<\/p>\n<p>Cette ann\u00e9e, les couleurs neutres telles que le beige chameau, le rouge, le bourgogne, le gris, le bleu marine et le noir sont toujours aussi de mise. On ne se trompe jamais avec ces classiques!<\/p>\n<p style=\"text-align: center;\"><img loading=\"lazy\" decoding=\"async\" class=\"alignnone size-full wp-image-3470\" src=\"https:\/\/blog.fabricville.com\/wp-content\/uploads\/2018\/11\/FAB_Newsletter_Blog_Fall_EN_43.jpg\" alt=\"\" width=\"725\" height=\"895\" srcset=\"https:\/\/blog.fabricville.com\/wp-content\/uploads\/2018\/11\/FAB_Newsletter_Blog_Fall_EN_43.jpg 725w, https:\/\/blog.fabricville.com\/wp-content\/uploads\/2018\/11\/FAB_Newsletter_Blog_Fall_EN_43-243x300.jpg 243w\" sizes=\"(max-width: 725px) 100vw, 725px\" \/><\/p>\n<p>&nbsp;<\/p>\n<p>&nbsp;<\/p>\n<h1><\/h1>\n<p style=\"text-align: center;\"><img loading=\"lazy\" decoding=\"async\" class=\"alignnone wp-image-3558 size-full\" src=\"https:\/\/blog.fabricville.com\/wp-content\/uploads\/2018\/11\/FAB_Newsletter_Blog_Fall-Winter_FR_06.jpg\" alt=\"\" width=\"725\" height=\"50\" srcset=\"https:\/\/blog.fabricville.com\/wp-content\/uploads\/2018\/11\/FAB_Newsletter_Blog_Fall-Winter_FR_06.jpg 725w, https:\/\/blog.fabricville.com\/wp-content\/uploads\/2018\/11\/FAB_Newsletter_Blog_Fall-Winter_FR_06-300x21.jpg 300w\" sizes=\"(max-width: 725px) 100vw, 725px\" \/><\/p>\n<p style=\"text-align: center;\"><a href=\"https:\/\/fabricville.com\/fr\/burda-6847-ladies-jacket-young.html\"><img loading=\"lazy\" decoding=\"async\" class=\"alignnone wp-image-3476 size-full\" src=\"https:\/\/blog.fabricville.com\/wp-content\/uploads\/2018\/11\/FAB_Newsletter_Blog_Fall_EN_72.jpg\" alt=\"\" width=\"242\" height=\"325\" srcset=\"https:\/\/blog.fabricville.com\/wp-content\/uploads\/2018\/11\/FAB_Newsletter_Blog_Fall_EN_72.jpg 242w, https:\/\/blog.fabricville.com\/wp-content\/uploads\/2018\/11\/FAB_Newsletter_Blog_Fall_EN_72-223x300.jpg 223w\" sizes=\"(max-width: 242px) 100vw, 242px\" \/><\/a> <a href=\"https:\/\/fabricville.com\/fr\/burda-8292-ladies-coat-plus.html\"><img loading=\"lazy\" decoding=\"async\" class=\"alignnone size-large wp-image-3477\" src=\"https:\/\/blog.fabricville.com\/wp-content\/uploads\/2018\/11\/FAB_Newsletter_Blog_Fall_EN_74.jpg\" alt=\"\" width=\"242\" height=\"325\" srcset=\"https:\/\/blog.fabricville.com\/wp-content\/uploads\/2018\/11\/FAB_Newsletter_Blog_Fall_EN_74.jpg 242w, https:\/\/blog.fabricville.com\/wp-content\/uploads\/2018\/11\/FAB_Newsletter_Blog_Fall_EN_74-223x300.jpg 223w\" sizes=\"(max-width: 242px) 100vw, 242px\" \/><\/a> <a href=\"https:\/\/fabricville.com\/fr\/catalogsearch\/result\/?q=B6385\"><img loading=\"lazy\" decoding=\"async\" class=\"alignnone size-large wp-image-3478\" src=\"https:\/\/blog.fabricville.com\/wp-content\/uploads\/2018\/11\/FAB_Newsletter_Blog_Fall_EN_77.jpg\" alt=\"\" width=\"242\" height=\"325\" srcset=\"https:\/\/blog.fabricville.com\/wp-content\/uploads\/2018\/11\/FAB_Newsletter_Blog_Fall_EN_77.jpg 242w, https:\/\/blog.fabricville.com\/wp-content\/uploads\/2018\/11\/FAB_Newsletter_Blog_Fall_EN_77-223x300.jpg 223w\" sizes=\"(max-width: 242px) 100vw, 242px\" \/><\/a><\/p>\n<p style=\"text-align: center;\"><a href=\"https:\/\/fabricville.com\/fr\/catalogsearch\/result\/?q=B6604\"><img loading=\"lazy\" decoding=\"async\" class=\"alignnone size-large wp-image-3479\" src=\"https:\/\/blog.fabricville.com\/wp-content\/uploads\/2018\/11\/FAB_Newsletter_Blog_Fall_EN_80.jpg\" alt=\"\" width=\"242\" height=\"325\" srcset=\"https:\/\/blog.fabricville.com\/wp-content\/uploads\/2018\/11\/FAB_Newsletter_Blog_Fall_EN_80.jpg 242w, https:\/\/blog.fabricville.com\/wp-content\/uploads\/2018\/11\/FAB_Newsletter_Blog_Fall_EN_80-223x300.jpg 223w\" sizes=\"(max-width: 242px) 100vw, 242px\" \/><\/a> <img loading=\"lazy\" decoding=\"async\" class=\"alignnone size-large wp-image-3480\" src=\"https:\/\/blog.fabricville.com\/wp-content\/uploads\/2018\/11\/FAB_Newsletter_Blog_Fall_EN_82.jpg\" alt=\"\" width=\"242\" height=\"325\" srcset=\"https:\/\/blog.fabricville.com\/wp-content\/uploads\/2018\/11\/FAB_Newsletter_Blog_Fall_EN_82.jpg 242w, https:\/\/blog.fabricville.com\/wp-content\/uploads\/2018\/11\/FAB_Newsletter_Blog_Fall_EN_82-223x300.jpg 223w\" sizes=\"(max-width: 242px) 100vw, 242px\" \/> <a href=\"https:\/\/fabricville.com\/fr\/burda-6378-wrap-coat-with-shawl-collar.html\"><img loading=\"lazy\" decoding=\"async\" class=\"alignnone size-large wp-image-3481\" src=\"https:\/\/blog.fabricville.com\/wp-content\/uploads\/2018\/11\/FAB_Newsletter_Blog_Fall_EN_84.jpg\" alt=\"\" width=\"242\" height=\"325\" srcset=\"https:\/\/blog.fabricville.com\/wp-content\/uploads\/2018\/11\/FAB_Newsletter_Blog_Fall_EN_84.jpg 242w, https:\/\/blog.fabricville.com\/wp-content\/uploads\/2018\/11\/FAB_Newsletter_Blog_Fall_EN_84-223x300.jpg 223w\" sizes=\"(max-width: 242px) 100vw, 242px\" \/><\/a><\/p>\n<p style=\"text-align: center;\"><img loading=\"lazy\" decoding=\"async\" class=\"alignnone size-large wp-image-3482\" src=\"https:\/\/blog.fabricville.com\/wp-content\/uploads\/2018\/11\/FAB_Newsletter_Blog_Fall_EN_88.jpg\" alt=\"\" width=\"242\" height=\"325\" srcset=\"https:\/\/blog.fabricville.com\/wp-content\/uploads\/2018\/11\/FAB_Newsletter_Blog_Fall_EN_88.jpg 242w, https:\/\/blog.fabricville.com\/wp-content\/uploads\/2018\/11\/FAB_Newsletter_Blog_Fall_EN_88-223x300.jpg 223w\" sizes=\"(max-width: 242px) 100vw, 242px\" \/> <a href=\"https:\/\/fabricville.com\/fr\/catalogsearch\/result\/?q=M7830\"><img loading=\"lazy\" decoding=\"async\" class=\"alignnone size-large wp-image-3483\" src=\"https:\/\/blog.fabricville.com\/wp-content\/uploads\/2018\/11\/FAB_Newsletter_Blog_Fall_EN_98.jpg\" alt=\"\" width=\"242\" height=\"325\" srcset=\"https:\/\/blog.fabricville.com\/wp-content\/uploads\/2018\/11\/FAB_Newsletter_Blog_Fall_EN_98.jpg 242w, https:\/\/blog.fabricville.com\/wp-content\/uploads\/2018\/11\/FAB_Newsletter_Blog_Fall_EN_98-223x300.jpg 223w\" sizes=\"(max-width: 242px) 100vw, 242px\" \/><\/a> <a href=\"https:\/\/fabricville.com\/fr\/burda-6372-raglan-jacket-flared-shape.html\"><img loading=\"lazy\" decoding=\"async\" class=\"alignnone size-large wp-image-3484\" src=\"https:\/\/blog.fabricville.com\/wp-content\/uploads\/2018\/11\/FAB_Newsletter_Blog_Fall-Winter_EN_25.jpg\" alt=\"\" width=\"241\" height=\"325\" srcset=\"https:\/\/blog.fabricville.com\/wp-content\/uploads\/2018\/11\/FAB_Newsletter_Blog_Fall-Winter_EN_25.jpg 241w, https:\/\/blog.fabricville.com\/wp-content\/uploads\/2018\/11\/FAB_Newsletter_Blog_Fall-Winter_EN_25-222x300.jpg 222w\" sizes=\"(max-width: 241px) 100vw, 241px\" \/><\/a><\/p>\n<p style=\"text-align: center;\"><a href=\"https:\/\/fabricville.com\/fr\/burda-6387-shawl-collar-frock-coat.html\"><img loading=\"lazy\" decoding=\"async\" class=\"alignnone size-large wp-image-3485\" src=\"https:\/\/blog.fabricville.com\/wp-content\/uploads\/2018\/11\/FAB_Newsletter_Blog_Fall-Winter_EN_26.jpg\" alt=\"\" width=\"242\" height=\"325\" srcset=\"https:\/\/blog.fabricville.com\/wp-content\/uploads\/2018\/11\/FAB_Newsletter_Blog_Fall-Winter_EN_26.jpg 242w, https:\/\/blog.fabricville.com\/wp-content\/uploads\/2018\/11\/FAB_Newsletter_Blog_Fall-Winter_EN_26-223x300.jpg 223w\" sizes=\"(max-width: 242px) 100vw, 242px\" \/><\/a> <a href=\"https:\/\/fabricville.com\/fr\/burda-6394-wrap-coat-with-wide-shawl-collar.html\"><img loading=\"lazy\" decoding=\"async\" class=\"alignnone size-large wp-image-3486\" src=\"https:\/\/blog.fabricville.com\/wp-content\/uploads\/2018\/11\/FAB_Newsletter_Blog_Fall-Winter_EN_28.jpg\" alt=\"\" width=\"242\" height=\"325\" srcset=\"https:\/\/blog.fabricville.com\/wp-content\/uploads\/2018\/11\/FAB_Newsletter_Blog_Fall-Winter_EN_28.jpg 242w, https:\/\/blog.fabricville.com\/wp-content\/uploads\/2018\/11\/FAB_Newsletter_Blog_Fall-Winter_EN_28-223x300.jpg 223w\" sizes=\"(max-width: 242px) 100vw, 242px\" \/><\/a> <a href=\"https:\/\/fabricville.com\/fr\/burda-6570-ladies-coat-jacket.html\"><img loading=\"lazy\" decoding=\"async\" class=\"alignnone size-large wp-image-3487\" src=\"https:\/\/blog.fabricville.com\/wp-content\/uploads\/2018\/11\/FAB_Newsletter_Blog_Fall-Winter_EN_29.jpg\" alt=\"\" width=\"241\" height=\"325\" srcset=\"https:\/\/blog.fabricville.com\/wp-content\/uploads\/2018\/11\/FAB_Newsletter_Blog_Fall-Winter_EN_29.jpg 241w, https:\/\/blog.fabricville.com\/wp-content\/uploads\/2018\/11\/FAB_Newsletter_Blog_Fall-Winter_EN_29-222x300.jpg 222w\" sizes=\"(max-width: 241px) 100vw, 241px\" \/><\/a><\/p>\n<p style=\"text-align: center;\"><a href=\"https:\/\/fabricville.com\/fr\/burda-6736-ladies-jacket-coat.html\"><img loading=\"lazy\" decoding=\"async\" class=\"alignnone size-large wp-image-3488\" src=\"https:\/\/blog.fabricville.com\/wp-content\/uploads\/2018\/11\/FAB_Newsletter_Blog_Fall-Winter_EN_33.jpg\" alt=\"\" width=\"241\" height=\"325\" srcset=\"https:\/\/blog.fabricville.com\/wp-content\/uploads\/2018\/11\/FAB_Newsletter_Blog_Fall-Winter_EN_33.jpg 241w, https:\/\/blog.fabricville.com\/wp-content\/uploads\/2018\/11\/FAB_Newsletter_Blog_Fall-Winter_EN_33-222x300.jpg 222w\" sizes=\"(max-width: 241px) 100vw, 241px\" \/><\/a> <a href=\"https:\/\/fabricville.com\/fr\/burda-6845-ladies-coat-jacket.html\"><img loading=\"lazy\" decoding=\"async\" class=\"alignnone size-large wp-image-3489\" src=\"https:\/\/blog.fabricville.com\/wp-content\/uploads\/2018\/11\/FAB_Newsletter_Blog_Fall-Winter_EN_34.jpg\" alt=\"\" width=\"242\" height=\"325\" srcset=\"https:\/\/blog.fabricville.com\/wp-content\/uploads\/2018\/11\/FAB_Newsletter_Blog_Fall-Winter_EN_34.jpg 242w, https:\/\/blog.fabricville.com\/wp-content\/uploads\/2018\/11\/FAB_Newsletter_Blog_Fall-Winter_EN_34-223x300.jpg 223w\" sizes=\"(max-width: 242px) 100vw, 242px\" \/><\/a> <a href=\"https:\/\/fabricville.com\/fr\/burda-6987-ladies-coat.html\"><img loading=\"lazy\" decoding=\"async\" class=\"alignnone size-large wp-image-3490\" src=\"https:\/\/blog.fabricville.com\/wp-content\/uploads\/2018\/11\/FAB_Newsletter_Blog_Fall-Winter_EN_37.jpg\" alt=\"\" width=\"241\" height=\"325\" srcset=\"https:\/\/blog.fabricville.com\/wp-content\/uploads\/2018\/11\/FAB_Newsletter_Blog_Fall-Winter_EN_37.jpg 241w, https:\/\/blog.fabricville.com\/wp-content\/uploads\/2018\/11\/FAB_Newsletter_Blog_Fall-Winter_EN_37-222x300.jpg 222w\" sizes=\"(max-width: 241px) 100vw, 241px\" \/><\/a><\/p>\n<p style=\"text-align: center;\"><a href=\"https:\/\/fabricville.com\/fr\/catalogsearch\/result\/?q=B6107\"><img loading=\"lazy\" decoding=\"async\" class=\"alignnone size-large wp-image-3491\" src=\"https:\/\/blog.fabricville.com\/wp-content\/uploads\/2018\/11\/FAB_Newsletter_Blog_Fall-Winter_EN_40.jpg\" alt=\"\" width=\"242\" height=\"325\" srcset=\"https:\/\/blog.fabricville.com\/wp-content\/uploads\/2018\/11\/FAB_Newsletter_Blog_Fall-Winter_EN_40.jpg 242w, https:\/\/blog.fabricville.com\/wp-content\/uploads\/2018\/11\/FAB_Newsletter_Blog_Fall-Winter_EN_40-223x300.jpg 223w\" sizes=\"(max-width: 242px) 100vw, 242px\" \/><\/a> <a href=\"https:\/\/fabricville.com\/fr\/catalogsearch\/result\/?q=B6292\"><img loading=\"lazy\" decoding=\"async\" class=\"alignnone size-large wp-image-3492\" src=\"https:\/\/blog.fabricville.com\/wp-content\/uploads\/2018\/11\/FAB_Newsletter_Blog_Fall-Winter_EN_41.jpg\" alt=\"\" width=\"241\" height=\"325\" srcset=\"https:\/\/blog.fabricville.com\/wp-content\/uploads\/2018\/11\/FAB_Newsletter_Blog_Fall-Winter_EN_41.jpg 241w, https:\/\/blog.fabricville.com\/wp-content\/uploads\/2018\/11\/FAB_Newsletter_Blog_Fall-Winter_EN_41-222x300.jpg 222w\" sizes=\"(max-width: 241px) 100vw, 241px\" \/><\/a> <a href=\"https:\/\/fabricville.com\/fr\/catalogsearch\/result\/?q=B6430\"><img loading=\"lazy\" decoding=\"async\" class=\"alignnone size-large wp-image-3493\" src=\"https:\/\/blog.fabricville.com\/wp-content\/uploads\/2018\/11\/FAB_Newsletter_Blog_Fall-Winter_EN_44.jpg\" alt=\"\" width=\"242\" height=\"325\" srcset=\"https:\/\/blog.fabricville.com\/wp-content\/uploads\/2018\/11\/FAB_Newsletter_Blog_Fall-Winter_EN_44.jpg 242w, https:\/\/blog.fabricville.com\/wp-content\/uploads\/2018\/11\/FAB_Newsletter_Blog_Fall-Winter_EN_44-223x300.jpg 223w\" sizes=\"(max-width: 242px) 100vw, 242px\" \/><\/a><\/p>\n<p style=\"text-align: center;\"><a href=\"https:\/\/fabricville.com\/fr\/catalogsearch\/result\/?q=B6497\"><img loading=\"lazy\" decoding=\"async\" class=\"alignnone size-large wp-image-3494\" src=\"https:\/\/blog.fabricville.com\/wp-content\/uploads\/2018\/11\/FAB_Newsletter_Blog_Fall-Winter_EN_45.jpg\" alt=\"\" width=\"241\" height=\"325\" srcset=\"https:\/\/blog.fabricville.com\/wp-content\/uploads\/2018\/11\/FAB_Newsletter_Blog_Fall-Winter_EN_45.jpg 241w, https:\/\/blog.fabricville.com\/wp-content\/uploads\/2018\/11\/FAB_Newsletter_Blog_Fall-Winter_EN_45-222x300.jpg 222w\" sizes=\"(max-width: 241px) 100vw, 241px\" \/><\/a> <img loading=\"lazy\" decoding=\"async\" class=\"alignnone size-large wp-image-3495\" src=\"https:\/\/blog.fabricville.com\/wp-content\/uploads\/2018\/11\/FAB_Newsletter_Blog_Fall-Winter_EN_49.jpg\" alt=\"\" width=\"241\" height=\"325\" srcset=\"https:\/\/blog.fabricville.com\/wp-content\/uploads\/2018\/11\/FAB_Newsletter_Blog_Fall-Winter_EN_49.jpg 241w, https:\/\/blog.fabricville.com\/wp-content\/uploads\/2018\/11\/FAB_Newsletter_Blog_Fall-Winter_EN_49-222x300.jpg 222w\" sizes=\"(max-width: 241px) 100vw, 241px\" \/> <a href=\"https:\/\/fabricville.com\/fr\/k4198-misses-swan-neck-coats-size-xs-s-m-l-xl.html\"><img loading=\"lazy\" decoding=\"async\" class=\"alignnone size-large wp-image-3496\" src=\"https:\/\/blog.fabricville.com\/wp-content\/uploads\/2018\/11\/FAB_Newsletter_Blog_Fall-Winter_EN_52.jpg\" alt=\"\" width=\"242\" height=\"325\" srcset=\"https:\/\/blog.fabricville.com\/wp-content\/uploads\/2018\/11\/FAB_Newsletter_Blog_Fall-Winter_EN_52.jpg 242w, https:\/\/blog.fabricville.com\/wp-content\/uploads\/2018\/11\/FAB_Newsletter_Blog_Fall-Winter_EN_52-223x300.jpg 223w\" sizes=\"(max-width: 242px) 100vw, 242px\" \/><\/a><\/p>\n<p style=\"text-align: center;\"><a href=\"https:\/\/fabricville.com\/fr\/k4225-misses-princess-seam-jacket-and-coat-with-high-collar-size-xs-s-m-l-xl.html\"><img loading=\"lazy\" decoding=\"async\" class=\"alignnone size-large wp-image-3497\" src=\"https:\/\/blog.fabricville.com\/wp-content\/uploads\/2018\/11\/FAB_Newsletter_Blog_Fall-Winter_EN_53.jpg\" alt=\"\" width=\"241\" height=\"325\" srcset=\"https:\/\/blog.fabricville.com\/wp-content\/uploads\/2018\/11\/FAB_Newsletter_Blog_Fall-Winter_EN_53.jpg 241w, https:\/\/blog.fabricville.com\/wp-content\/uploads\/2018\/11\/FAB_Newsletter_Blog_Fall-Winter_EN_53-222x300.jpg 222w\" sizes=\"(max-width: 241px) 100vw, 241px\" \/><\/a> <img loading=\"lazy\" decoding=\"async\" class=\"alignnone size-large wp-image-3498\" src=\"https:\/\/blog.fabricville.com\/wp-content\/uploads\/2018\/11\/FAB_Newsletter_Blog_Fall-Winter_EN_56.jpg\" alt=\"\" width=\"242\" height=\"325\" srcset=\"https:\/\/blog.fabricville.com\/wp-content\/uploads\/2018\/11\/FAB_Newsletter_Blog_Fall-Winter_EN_56.jpg 242w, https:\/\/blog.fabricville.com\/wp-content\/uploads\/2018\/11\/FAB_Newsletter_Blog_Fall-Winter_EN_56-223x300.jpg 223w\" sizes=\"(max-width: 242px) 100vw, 242px\" \/> <a href=\"https:\/\/fabricville.com\/fr\/catalogsearch\/result\/?q=M7667\"><img loading=\"lazy\" decoding=\"async\" class=\"alignnone size-large wp-image-3499\" src=\"https:\/\/blog.fabricville.com\/wp-content\/uploads\/2018\/11\/FAB_Newsletter_Blog_Fall-Winter_EN_57.jpg\" alt=\"\" width=\"241\" height=\"325\" srcset=\"https:\/\/blog.fabricville.com\/wp-content\/uploads\/2018\/11\/FAB_Newsletter_Blog_Fall-Winter_EN_57.jpg 241w, https:\/\/blog.fabricville.com\/wp-content\/uploads\/2018\/11\/FAB_Newsletter_Blog_Fall-Winter_EN_57-222x300.jpg 222w\" sizes=\"(max-width: 241px) 100vw, 241px\" \/><\/a><\/p>\n<p style=\"text-align: center;\"><a href=\"https:\/\/fabricville.com\/fr\/m7847-misses-coats-size-xs-s-m-l-xl.html\"><img loading=\"lazy\" decoding=\"async\" class=\"alignnone size-large wp-image-3500\" src=\"https:\/\/blog.fabricville.com\/wp-content\/uploads\/2018\/11\/FAB_Newsletter_Blog_Fall-Winter_EN_60.jpg\" alt=\"\" width=\"242\" height=\"325\" srcset=\"https:\/\/blog.fabricville.com\/wp-content\/uploads\/2018\/11\/FAB_Newsletter_Blog_Fall-Winter_EN_60.jpg 242w, https:\/\/blog.fabricville.com\/wp-content\/uploads\/2018\/11\/FAB_Newsletter_Blog_Fall-Winter_EN_60-223x300.jpg 223w\" sizes=\"(max-width: 242px) 100vw, 242px\" \/><\/a> <a href=\"https:\/\/fabricville.com\/fr\/catalogsearch\/result\/?q=M7848\"><img loading=\"lazy\" decoding=\"async\" class=\"alignnone size-large wp-image-3501\" src=\"https:\/\/blog.fabricville.com\/wp-content\/uploads\/2018\/11\/FAB_Newsletter_Blog_Fall-Winter_EN_61.jpg\" alt=\"\" width=\"241\" height=\"325\" srcset=\"https:\/\/blog.fabricville.com\/wp-content\/uploads\/2018\/11\/FAB_Newsletter_Blog_Fall-Winter_EN_61.jpg 241w, https:\/\/blog.fabricville.com\/wp-content\/uploads\/2018\/11\/FAB_Newsletter_Blog_Fall-Winter_EN_61-222x300.jpg 222w\" sizes=\"(max-width: 241px) 100vw, 241px\" \/><\/a> <img loading=\"lazy\" decoding=\"async\" class=\"alignnone size-large wp-image-3502\" src=\"https:\/\/blog.fabricville.com\/wp-content\/uploads\/2018\/11\/FAB_Newsletter_Blog_Fall-Winter_EN_62.jpg\" alt=\"\" width=\"242\" height=\"325\" srcset=\"https:\/\/blog.fabricville.com\/wp-content\/uploads\/2018\/11\/FAB_Newsletter_Blog_Fall-Winter_EN_62.jpg 242w, https:\/\/blog.fabricville.com\/wp-content\/uploads\/2018\/11\/FAB_Newsletter_Blog_Fall-Winter_EN_62-223x300.jpg 223w\" sizes=\"(max-width: 242px) 100vw, 242px\" \/><\/p>\n<p style=\"text-align: center;\"><a href=\"https:\/\/fabricville.com\/fr\/catalogsearch\/result\/?q=V1562\"><img loading=\"lazy\" decoding=\"async\" class=\"alignnone size-large wp-image-3503\" src=\"https:\/\/blog.fabricville.com\/wp-content\/uploads\/2018\/11\/FAB_Newsletter_Blog_Fall-Winter_EN_64.jpg\" alt=\"\" width=\"242\" height=\"325\" srcset=\"https:\/\/blog.fabricville.com\/wp-content\/uploads\/2018\/11\/FAB_Newsletter_Blog_Fall-Winter_EN_64.jpg 242w, https:\/\/blog.fabricville.com\/wp-content\/uploads\/2018\/11\/FAB_Newsletter_Blog_Fall-Winter_EN_64-223x300.jpg 223w\" sizes=\"(max-width: 242px) 100vw, 242px\" \/><\/a> <a href=\"https:\/\/fabricville.com\/fr\/catalogsearch\/result\/?q=V1563\"><img loading=\"lazy\" decoding=\"async\" class=\"alignnone size-large wp-image-3504\" src=\"https:\/\/blog.fabricville.com\/wp-content\/uploads\/2018\/11\/FAB_Newsletter_Blog_Fall-Winter_EN_65.jpg\" alt=\"\" width=\"241\" height=\"325\" srcset=\"https:\/\/blog.fabricville.com\/wp-content\/uploads\/2018\/11\/FAB_Newsletter_Blog_Fall-Winter_EN_65.jpg 241w, https:\/\/blog.fabricville.com\/wp-content\/uploads\/2018\/11\/FAB_Newsletter_Blog_Fall-Winter_EN_65-222x300.jpg 222w\" sizes=\"(max-width: 241px) 100vw, 241px\" \/><\/a> <a href=\"https:\/\/fabricville.com\/fr\/catalogsearch\/result\/?q=v8346\"><img loading=\"lazy\" decoding=\"async\" class=\"alignnone size-large wp-image-3505\" src=\"https:\/\/blog.fabricville.com\/wp-content\/uploads\/2018\/11\/FAB_Newsletter_Blog_Fall-Winter_EN_66.jpg\" alt=\"\" width=\"242\" height=\"325\" srcset=\"https:\/\/blog.fabricville.com\/wp-content\/uploads\/2018\/11\/FAB_Newsletter_Blog_Fall-Winter_EN_66.jpg 242w, https:\/\/blog.fabricville.com\/wp-content\/uploads\/2018\/11\/FAB_Newsletter_Blog_Fall-Winter_EN_66-223x300.jpg 223w\" sizes=\"(max-width: 242px) 100vw, 242px\" \/><\/a><\/p>\n<p style=\"text-align: center;\"><a href=\"https:\/\/fabricville.com\/fr\/catalogsearch\/result\/?q=V9133\"><img loading=\"lazy\" decoding=\"async\" class=\"alignnone size-large wp-image-3506\" src=\"https:\/\/blog.fabricville.com\/wp-content\/uploads\/2018\/11\/FAB_Newsletter_Blog_Fall-Winter_EN_68.jpg\" alt=\"\" width=\"242\" height=\"325\" srcset=\"https:\/\/blog.fabricville.com\/wp-content\/uploads\/2018\/11\/FAB_Newsletter_Blog_Fall-Winter_EN_68.jpg 242w, https:\/\/blog.fabricville.com\/wp-content\/uploads\/2018\/11\/FAB_Newsletter_Blog_Fall-Winter_EN_68-223x300.jpg 223w\" sizes=\"(max-width: 242px) 100vw, 242px\" \/><\/a> <a href=\"https:\/\/fabricville.com\/fr\/catalogsearch\/result\/?q=V9136\"><img loading=\"lazy\" decoding=\"async\" class=\"alignnone size-large wp-image-3507\" src=\"https:\/\/blog.fabricville.com\/wp-content\/uploads\/2018\/11\/FAB_Newsletter_Blog_Fall-Winter_EN_69.jpg\" alt=\"\" width=\"241\" height=\"325\" srcset=\"https:\/\/blog.fabricville.com\/wp-content\/uploads\/2018\/11\/FAB_Newsletter_Blog_Fall-Winter_EN_69.jpg 241w, https:\/\/blog.fabricville.com\/wp-content\/uploads\/2018\/11\/FAB_Newsletter_Blog_Fall-Winter_EN_69-222x300.jpg 222w\" sizes=\"(max-width: 241px) 100vw, 241px\" \/><\/a> <a href=\"https:\/\/fabricville.com\/fr\/catalogsearch\/result\/?q=V9289\"><img loading=\"lazy\" decoding=\"async\" class=\"alignnone size-large wp-image-3508\" src=\"https:\/\/blog.fabricville.com\/wp-content\/uploads\/2018\/11\/FAB_Newsletter_Blog_Fall-Winter_EN_70.jpg\" alt=\"\" width=\"242\" height=\"325\" srcset=\"https:\/\/blog.fabricville.com\/wp-content\/uploads\/2018\/11\/FAB_Newsletter_Blog_Fall-Winter_EN_70.jpg 242w, https:\/\/blog.fabricville.com\/wp-content\/uploads\/2018\/11\/FAB_Newsletter_Blog_Fall-Winter_EN_70-223x300.jpg 223w\" sizes=\"(max-width: 242px) 100vw, 242px\" \/><\/a><\/p>\n<p style=\"text-align: center;\"><a href=\"https:\/\/fabricville.com\/fr\/burda-6727-ladies-jacket-young.html\"><img loading=\"lazy\" decoding=\"async\" class=\"alignnone size-full wp-image-3475\" src=\"https:\/\/blog.fabricville.com\/wp-content\/uploads\/2018\/11\/FAB_Newsletter_Blog_Fall_EN_69.jpg\" alt=\"\" width=\"242\" height=\"325\" srcset=\"https:\/\/blog.fabricville.com\/wp-content\/uploads\/2018\/11\/FAB_Newsletter_Blog_Fall_EN_69.jpg 242w, https:\/\/blog.fabricville.com\/wp-content\/uploads\/2018\/11\/FAB_Newsletter_Blog_Fall_EN_69-223x300.jpg 223w\" sizes=\"(max-width: 242px) 100vw, 242px\" \/><\/a> <a href=\"https:\/\/fabricville.com\/fr\/burda-6596-ladies-coat-jacket.html\"><img loading=\"lazy\" decoding=\"async\" class=\"alignnone size-full wp-image-3474\" src=\"https:\/\/blog.fabricville.com\/wp-content\/uploads\/2018\/11\/FAB_Newsletter_Blog_Fall_EN_50.jpg\" alt=\"\" width=\"242\" height=\"325\" srcset=\"https:\/\/blog.fabricville.com\/wp-content\/uploads\/2018\/11\/FAB_Newsletter_Blog_Fall_EN_50.jpg 242w, https:\/\/blog.fabricville.com\/wp-content\/uploads\/2018\/11\/FAB_Newsletter_Blog_Fall_EN_50-223x300.jpg 223w\" sizes=\"(max-width: 242px) 100vw, 242px\" \/><\/a> <a href=\"https:\/\/fabricville.com\/fr\/burda-6361-long-wool-jacket-with-a-frill-short-coat-with-a-hood.html\"><img loading=\"lazy\" decoding=\"async\" class=\"alignnone size-full wp-image-3473\" src=\"https:\/\/blog.fabricville.com\/wp-content\/uploads\/2018\/11\/FAB_Newsletter_Blog_Fall_EN_47.jpg\" alt=\"\" width=\"242\" height=\"325\" srcset=\"https:\/\/blog.fabricville.com\/wp-content\/uploads\/2018\/11\/FAB_Newsletter_Blog_Fall_EN_47.jpg 242w, https:\/\/blog.fabricville.com\/wp-content\/uploads\/2018\/11\/FAB_Newsletter_Blog_Fall_EN_47-223x300.jpg 223w\" sizes=\"(max-width: 242px) 100vw, 242px\" \/><\/a><\/p>\n<p>&nbsp;<\/p>\n<p>&nbsp;<\/p>\n<h1 style=\"text-align: center;\"><img loading=\"lazy\" decoding=\"async\" class=\"alignnone wp-image-3559 size-full\" src=\"https:\/\/blog.fabricville.com\/wp-content\/uploads\/2018\/11\/FAB_Newsletter_Blog_Fall-Winter_FR_07.jpg\" alt=\"\" width=\"725\" height=\"50\" srcset=\"https:\/\/blog.fabricville.com\/wp-content\/uploads\/2018\/11\/FAB_Newsletter_Blog_Fall-Winter_FR_07.jpg 725w, https:\/\/blog.fabricville.com\/wp-content\/uploads\/2018\/11\/FAB_Newsletter_Blog_Fall-Winter_FR_07-300x21.jpg 300w\" sizes=\"(max-width: 725px) 100vw, 725px\" \/><\/h1>\n<p style=\"text-align: center;\"><a href=\"https:\/\/fabricville.com\/fr\/manchester-melton-coating-charcoal.html\"><img loading=\"lazy\" decoding=\"async\" class=\"alignnone size-full wp-image-3510\" src=\"https:\/\/blog.fabricville.com\/wp-content\/uploads\/2018\/11\/FAB_Newsletter_Blog_Fall-Winter_EN_72.jpg\" alt=\"\" width=\"242\" height=\"290\" \/><\/a> <a href=\"https:\/\/fabricville.com\/fr\/manchester-melton-coating-military-blue.html\"><img loading=\"lazy\" decoding=\"async\" class=\"alignnone size-large wp-image-3511\" src=\"https:\/\/blog.fabricville.com\/wp-content\/uploads\/2018\/11\/FAB_Newsletter_Blog_Fall-Winter_EN_73.jpg\" alt=\"\" width=\"241\" height=\"290\" \/><\/a> <a href=\"https:\/\/fabricville.com\/fr\/manchester-melton-coating-camel.html\"><img loading=\"lazy\" decoding=\"async\" class=\"alignnone size-large wp-image-3512\" src=\"https:\/\/blog.fabricville.com\/wp-content\/uploads\/2018\/11\/FAB_Newsletter_Blog_Fall-Winter_EN_74.jpg\" alt=\"\" width=\"242\" height=\"290\" \/><\/a><\/p>\n<p>&nbsp;<\/p>\n<p style=\"text-align: center;\"><a href=\"https:\/\/fabricville.com\/fr\/manchester-melton-coating-olive.html\"><img loading=\"lazy\" decoding=\"async\" class=\"alignnone size-full wp-image-3513\" src=\"https:\/\/blog.fabricville.com\/wp-content\/uploads\/2018\/11\/FAB_Newsletter_Blog_Fall-Winter_EN_76.jpg\" alt=\"\" width=\"242\" height=\"290\" \/><\/a> <a href=\"https:\/\/fabricville.com\/fr\/manchester-melton-coating-merlot.html\"><img loading=\"lazy\" decoding=\"async\" class=\"alignnone size-large wp-image-3514\" src=\"https:\/\/blog.fabricville.com\/wp-content\/uploads\/2018\/11\/FAB_Newsletter_Blog_Fall-Winter_EN_77.jpg\" alt=\"\" width=\"241\" height=\"290\" \/><\/a> <a href=\"https:\/\/fabricville.com\/fr\/manchester-melton-coating-red.html\"><img loading=\"lazy\" decoding=\"async\" class=\"alignnone size-large wp-image-3515\" src=\"https:\/\/blog.fabricville.com\/wp-content\/uploads\/2018\/11\/FAB_Newsletter_Blog_Fall-Winter_EN_78.jpg\" alt=\"\" width=\"242\" height=\"290\" \/><\/a><\/p>\n<p>&nbsp;<\/p>\n<p style=\"text-align: center;\"><a href=\"https:\/\/fabricville.com\/fr\/boiled-wool-burgundy.html\"><img loading=\"lazy\" decoding=\"async\" class=\"alignnone size-large wp-image-3520\" src=\"https:\/\/blog.fabricville.com\/wp-content\/uploads\/2018\/11\/FAB_Newsletter_Blog_Fall-Winter_EN_80.jpg\" alt=\"\" width=\"242\" height=\"290\" \/><\/a>\u00a0<a href=\"https:\/\/fabricville.com\/fr\/boiled-wool-forest-green.html\"><img loading=\"lazy\" decoding=\"async\" class=\"alignnone size-large wp-image-3521\" src=\"https:\/\/blog.fabricville.com\/wp-content\/uploads\/2018\/11\/FAB_Newsletter_Blog_Fall-Winter_EN_81.jpg\" alt=\"\" width=\"242\" height=\"290\" \/><\/a><a href=\"https:\/\/fabricville.com\/fr\/lindsay-jacketing-checks-navy.html\"><img loading=\"lazy\" decoding=\"async\" class=\"alignnone size-full wp-image-3519\" src=\"https:\/\/blog.fabricville.com\/wp-content\/uploads\/2018\/11\/FAB_Newsletter_Blog_Fall-Winter_EN_80-56.jpg\" alt=\"\" width=\"241\" height=\"290\" \/><\/a><\/p>\n<p>&nbsp;<\/p>\n<p style=\"text-align: center;\"><a href=\"https:\/\/fabricville.com\/fr\/lindsay-jacketing-houndstooth-black-white.html\"><img loading=\"lazy\" decoding=\"async\" class=\"alignnone size-full wp-image-3522\" src=\"https:\/\/blog.fabricville.com\/wp-content\/uploads\/2018\/11\/FAB_Newsletter_Blog_Fall-Winter_EN_84.jpg\" alt=\"\" width=\"242\" height=\"290\" \/><\/a> <a href=\"https:\/\/fabricville.com\/fr\/lindsay-jacketing-houndstooth-black-grey-blue.html\"><img loading=\"lazy\" decoding=\"async\" class=\"alignnone size-large wp-image-3523\" src=\"https:\/\/blog.fabricville.com\/wp-content\/uploads\/2018\/11\/FAB_Newsletter_Blog_Fall-Winter_EN_85.jpg\" alt=\"\" width=\"242\" height=\"290\" \/><\/a> <a href=\"https:\/\/fabricville.com\/fr\/lindsay-jacketing-glen-check-black-white.html\"><img loading=\"lazy\" decoding=\"async\" class=\"alignnone size-large wp-image-3524\" src=\"https:\/\/blog.fabricville.com\/wp-content\/uploads\/2018\/11\/FAB_Newsletter_Blog_Fall-Winter_EN_86.jpg\" alt=\"\" width=\"241\" height=\"290\" \/><\/a><\/p>\n<p>&nbsp;<\/p>\n<p style=\"text-align: center;\"><a href=\"https:\/\/fabricville.com\/fr\/kashmir-plaid-coating-grey-black.html\"><img loading=\"lazy\" decoding=\"async\" class=\"alignnone size-full wp-image-3525\" src=\"https:\/\/blog.fabricville.com\/wp-content\/uploads\/2018\/11\/FAB_Newsletter_Blog_Fall-Winter_EN_88.jpg\" alt=\"\" width=\"242\" height=\"290\" \/><\/a> <a href=\"https:\/\/fabricville.com\/fr\/kashmir-plaid-coating-scottish-grey.html\"><img loading=\"lazy\" decoding=\"async\" class=\"alignnone size-large wp-image-3526\" src=\"https:\/\/blog.fabricville.com\/wp-content\/uploads\/2018\/11\/FAB_Newsletter_Blog_Fall-Winter_EN_89.jpg\" alt=\"\" width=\"242\" height=\"290\" \/><\/a> <a href=\"https:\/\/fabricville.com\/fr\/telio-pom-pom-coating-black-grey-white.html\"><img loading=\"lazy\" decoding=\"async\" class=\"alignnone size-large wp-image-3527\" src=\"https:\/\/blog.fabricville.com\/wp-content\/uploads\/2018\/11\/FAB_Newsletter_Blog_Fall-Winter_EN_90.jpg\" alt=\"\" width=\"241\" height=\"290\" \/><\/a><\/p>\n<p>&nbsp;<\/p>\n<p style=\"text-align: center;\"><a href=\"https:\/\/fabricville.com\/fr\/luxury-fur-black.html\"><img loading=\"lazy\" decoding=\"async\" class=\"alignnone size-full wp-image-3528\" src=\"https:\/\/blog.fabricville.com\/wp-content\/uploads\/2018\/11\/FAB_Newsletter_Blog_Fall-Winter_EN_93.jpg\" alt=\"\" width=\"242\" height=\"290\" \/><\/a> <a href=\"https:\/\/fabricville.com\/fr\/luxury-faux-fur-chocolate.html\"><img loading=\"lazy\" decoding=\"async\" class=\"alignnone size-large wp-image-3529\" src=\"https:\/\/blog.fabricville.com\/wp-content\/uploads\/2018\/11\/FAB_Newsletter_Blog_Fall-Winter_EN_94.jpg\" alt=\"\" width=\"242\" height=\"290\" \/><\/a><\/p>\n<p>&nbsp;<\/p>\n<p style=\"text-align: center;\"><a href=\"https:\/\/fabricville.com\/fr\/superior-fashion-fur-blue-grey.html\"><img loading=\"lazy\" decoding=\"async\" class=\"alignnone size-full wp-image-3530\" src=\"https:\/\/blog.fabricville.com\/wp-content\/uploads\/2018\/11\/FAB_Newsletter_Blog_Fall-Winter_EN_96.jpg\" alt=\"\" width=\"242\" height=\"290\" \/><\/a><a href=\"https:\/\/fabricville.com\/fr\/superior-fashion-fur-camel-black.html\"><img loading=\"lazy\" decoding=\"async\" class=\"alignnone size-full wp-image-3531\" src=\"https:\/\/blog.fabricville.com\/wp-content\/uploads\/2018\/11\/FAB_Newsletter_Blog_Fall-Winter_EN_97.jpg\" alt=\"\" width=\"242\" height=\"290\" \/><\/a><\/p>\n<p>&nbsp;<\/p>\n<h1><\/h1>\n<p>&nbsp;<\/p>\n<p style=\"text-align: center;\"><img loading=\"lazy\" decoding=\"async\" class=\"alignnone wp-image-2621 size-full\" src=\"https:\/\/blog.fabricville.com\/wp-content\/uploads\/2018\/05\/FAB_Newsletter_Blog_Spring-Summer_FR_35.jpg\" alt=\"\" width=\"725\" height=\"50\" srcset=\"https:\/\/blog.fabricville.com\/wp-content\/uploads\/2018\/05\/FAB_Newsletter_Blog_Spring-Summer_FR_35.jpg 725w, https:\/\/blog.fabricville.com\/wp-content\/uploads\/2018\/05\/FAB_Newsletter_Blog_Spring-Summer_FR_35-300x21.jpg 300w\" sizes=\"(max-width: 725px) 100vw, 725px\" \/><\/p>\n<p>Mon inspiration pour ce manteau vient de tous ces beaux manteaux ceintur\u00e9s que j\u2019ai pu voir dans les magazines de mode. Pour copier ce look, j\u2019ai choisi le patron Burda 6704. Il a tellement de tissus pour manteaux en magasin qu\u2019il m\u2019a \u00e9t\u00e9 difficile de faire mon choix. J\u2019ai finalement choisi un <a href=\"https:\/\/fabricville.com\/fr\/manchester-melton-coating-charcoal.html\">melton couleur charbon de la collection Manchester<\/a>. Pour rendre mon manteau plus chaud, j\u2019ai d\u00e9cid\u00e9 de le doubler avec de la <a href=\"https:\/\/fabricville.com\/fr\/catalogsearch\/result\/?q=kasha\">doublure kasha<\/a>.<\/p>\n<p>Ce patron est facile \u00e0 suivre et se coud rapidement. Outre l\u2019ajout d\u2019une doublure, les seules choses que j\u2019ai chang\u00e9es du patron original sont les poches appliqu\u00e9es au lieu des poches lat\u00e9rales.<\/p>\n<p>Je suis tr\u00e8s contente de mon manteau et j&rsquo;ai d\u00e9j\u00e0 re\u00e7u beaucoup de compliments sur ce dernier. Il est rapidement devenu mon pr\u00e9f\u00e9r\u00e9!<\/p>\n<h1 style=\"text-align: center;\"><img loading=\"lazy\" decoding=\"async\" class=\"alignnone size-large wp-image-3534\" src=\"https:\/\/blog.fabricville.com\/wp-content\/uploads\/2018\/11\/FAB_Newsletter_Blog_Fall_EN_73-521x1024.jpg\" alt=\"\" width=\"521\" height=\"1024\" srcset=\"https:\/\/blog.fabricville.com\/wp-content\/uploads\/2018\/11\/FAB_Newsletter_Blog_Fall_EN_73-521x1024.jpg 521w, https:\/\/blog.fabricville.com\/wp-content\/uploads\/2018\/11\/FAB_Newsletter_Blog_Fall_EN_73-153x300.jpg 153w, https:\/\/blog.fabricville.com\/wp-content\/uploads\/2018\/11\/FAB_Newsletter_Blog_Fall_EN_73.jpg 724w\" sizes=\"(max-width: 521px) 100vw, 521px\" \/><\/h1>\n<h1><\/h1>\n<p>&nbsp;<\/p>\n<p>&nbsp;<\/p>\n<p style=\"text-align: center;\"><img loading=\"lazy\" decoding=\"async\" class=\"alignnone wp-image-1884 size-full\" src=\"https:\/\/blog.fabricville.com\/wp-content\/uploads\/2018\/01\/FAB_Newsletter_Blog_Winter_FR_07.jpg\" alt=\"\" width=\"724\" height=\"50\" srcset=\"https:\/\/blog.fabricville.com\/wp-content\/uploads\/2018\/01\/FAB_Newsletter_Blog_Winter_FR_07.jpg 724w, https:\/\/blog.fabricville.com\/wp-content\/uploads\/2018\/01\/FAB_Newsletter_Blog_Winter_FR_07-300x21.jpg 300w\" sizes=\"(max-width: 724px) 100vw, 724px\" \/><\/p>\n<p>&nbsp;<\/p>\n<p style=\"text-align: center;\"><a href=\"https:\/\/fabricville.com\/fr\/couture\/irons-steamers-accessories\/go-iron-mini-travel-craft-iron.html\"><img loading=\"lazy\" decoding=\"async\" class=\"alignnone wp-image-3560 size-full\" src=\"https:\/\/blog.fabricville.com\/wp-content\/uploads\/2018\/11\/FAB_Newsletter_Blog_Fall-Winter_FR_08.jpg\" alt=\"\" width=\"725\" height=\"50\" srcset=\"https:\/\/blog.fabricville.com\/wp-content\/uploads\/2018\/11\/FAB_Newsletter_Blog_Fall-Winter_FR_08.jpg 725w, https:\/\/blog.fabricville.com\/wp-content\/uploads\/2018\/11\/FAB_Newsletter_Blog_Fall-Winter_FR_08-300x21.jpg 300w\" sizes=\"(max-width: 725px) 100vw, 725px\" \/><\/a><\/p>\n<p>Le <a href=\"https:\/\/fabricville.com\/fr\/couture\/irons-steamers-accessories\/go-iron-mini-travel-craft-iron.html\">mini fer \u00e0 vapeur<\/a> est id\u00e9al pour repasser les coutures et tous les petits d\u00e9tails.<\/p>\n<p>Pourquoi je l\u2019aime? Il chauffe en 30 secondes, et il est plus l\u00e9ger et facile \u00e0 manipuler qu&rsquo;un fer traditionnel. Le format compact de ce fer fait en sorte qu\u2019il est aussi pratique \u00e0 apporter en voyage car il peut \u00eatre branch\u00e9 sur du courant de 100 ou 240 V.\u00a0Ce mini fer vient avec une tasse pour remplir le r\u00e9servoir d\u2019eau et un sac de rangement pratique.<\/p>\n<p style=\"text-align: center;\"><img loading=\"lazy\" decoding=\"async\" class=\"alignnone wp-image-3536\" src=\"https:\/\/blog.fabricville.com\/wp-content\/uploads\/2018\/11\/GO_IRON_Mini_Travel-.png\" alt=\"\" width=\"380\" height=\"426\" \/><\/p>\n<p>&nbsp;<\/p>\n<p style=\"text-align: center;\"><a href=\"https:\/\/fabricville.com\/fr\/klasse-glass-head-pins-red-white-175-pcs-35mm-x-0-5mm.html\"><img loading=\"lazy\" decoding=\"async\" class=\"alignnone wp-image-3561 size-full\" src=\"https:\/\/blog.fabricville.com\/wp-content\/uploads\/2018\/11\/FAB_Newsletter_Blog_Fall-Winter_FR_09.jpg\" alt=\"\" width=\"725\" height=\"50\" srcset=\"https:\/\/blog.fabricville.com\/wp-content\/uploads\/2018\/11\/FAB_Newsletter_Blog_Fall-Winter_FR_09.jpg 725w, https:\/\/blog.fabricville.com\/wp-content\/uploads\/2018\/11\/FAB_Newsletter_Blog_Fall-Winter_FR_09-300x21.jpg 300w\" sizes=\"(max-width: 725px) 100vw, 725px\" \/><\/a><\/p>\n<p>Ces <a href=\"https:\/\/fabricville.com\/fr\/klasse-glass-head-pins-red-white-175-pcs-35mm-x-0-5mm.html\">\u00e9pingles<\/a> viennent en paquet de 175. Elles sont en acier plaqu\u00e9 nickel et sont orn\u00e9es de billes de verre color\u00e9.<\/p>\n<p>Le petit diam\u00e8tre de ces aiguilles ne laisse pas de marques dans vos tissus. Tr\u00e8s pratique, leur t\u00eate de verre r\u00e9siste \u00e0 la chaleur du fer \u00e0 repasser.<\/p>\n<p>Taille\u00a0: 0.5 mm x 35 mm<\/p>\n<p style=\"text-align: center;\"><img loading=\"lazy\" decoding=\"async\" class=\"alignnone wp-image-3539\" src=\"https:\/\/blog.fabricville.com\/wp-content\/uploads\/2018\/11\/KLASSE_Glass_Head_Pins.png\" alt=\"\" width=\"320\" height=\"316\" \/><\/p>\n<p>&nbsp;<\/p>\n<p><a href=\"https:\/\/fabricville.com\/fr\/kai-5-14-cm-embroidery-scissors.html\"><img loading=\"lazy\" decoding=\"async\" class=\"alignnone wp-image-3562 size-full\" src=\"https:\/\/blog.fabricville.com\/wp-content\/uploads\/2018\/11\/FAB_Newsletter_Blog_Fall-Winter_FR_10.jpg\" alt=\"\" width=\"725\" height=\"50\" srcset=\"https:\/\/blog.fabricville.com\/wp-content\/uploads\/2018\/11\/FAB_Newsletter_Blog_Fall-Winter_FR_10.jpg 725w, https:\/\/blog.fabricville.com\/wp-content\/uploads\/2018\/11\/FAB_Newsletter_Blog_Fall-Winter_FR_10-300x21.jpg 300w\" sizes=\"(max-width: 725px) 100vw, 725px\" \/><\/a><\/p>\n<p>J\u2019aime les <a href=\"https:\/\/fabricville.com\/fr\/kai-5-14-cm-embroidery-scissors.html\">ciseaux de broderie Kai de 14 cm<\/a> pour raser les valeurs de couture, tailler les crans et couper les fils.<\/p>\n<p>Pourquoi les ciseaux Kai sont si populaires aupr\u00e8s des couturi\u00e8res? Parce-que les ciseaux Kai sont con\u00e7us en acier tremp\u00e9 et de vanadium, ce qui leur permet de rester aff\u00fbt\u00e9s plus longtemps. Ils ont un design ergonomique et une poign\u00e9e confortable qui aide \u00e0 r\u00e9duire la fatigue, m\u00eame sur une longue p\u00e9riode d\u2019utilisation.<\/p>\n<p style=\"text-align: center;\"><img loading=\"lazy\" decoding=\"async\" class=\"alignnone wp-image-3538\" src=\"https:\/\/blog.fabricville.com\/wp-content\/uploads\/2018\/11\/KAI_1000_Series_Embroidery_Scissors.png\" alt=\"\" width=\"304\" height=\"319\" \/><\/p>\n<p>&nbsp;<\/p>\n<p>&nbsp;<\/p>\n<p style=\"text-align: center;\"><img loading=\"lazy\" decoding=\"async\" class=\"alignnone wp-image-3563 size-full\" src=\"https:\/\/blog.fabricville.com\/wp-content\/uploads\/2018\/11\/FAB_Newsletter_Blog_Fall-Winter_FR_11.jpg\" alt=\"\" width=\"724\" height=\"350\" srcset=\"https:\/\/blog.fabricville.com\/wp-content\/uploads\/2018\/11\/FAB_Newsletter_Blog_Fall-Winter_FR_11.jpg 724w, https:\/\/blog.fabricville.com\/wp-content\/uploads\/2018\/11\/FAB_Newsletter_Blog_Fall-Winter_FR_11-300x145.jpg 300w\" sizes=\"(max-width: 724px) 100vw, 724px\" \/><\/p>\n<p>&nbsp;<\/p>\n<p>&nbsp;<\/p>\n<p style=\"text-align: center;\">Par Chantal Lapointe pour Fabricville \u00a9 2018 Tous droits r\u00e9serv\u00e9s.<\/p>\n<p><\/p>","protected":false},"excerpt":{"rendered":"<p class=\"qtranxs-available-languages-message qtranxs-available-languages-message-fr\">D\u00e9sol\u00e9, cet article est seulement disponible en Anglais.<\/p>\n<p>Winter is soon coming! When the temperature drops, a warm coat and a good pair of boots quickly become a necessity. Would you like to try your hand at sewing outerwear? In this newsletter, you will find everything you need to make your very own winter coat.<\/p>\n<p>  <a href=\"https:\/\/blog.fabricville.com\/fr\/fabricville-newsletter-outerwear-trends\/\">&nbsp;&raquo;&nbsp;Read more about: Infolettre Fabricville &#8211; tendances manteaux &nbsp;&raquo;<\/a><\/p>\n","protected":false},"author":1,"featured_media":3572,"comment_status":"open","ping_status":"open","sticky":false,"template":"","format":"standard","meta":{"footnotes":""},"categories":[40,187],"tags":[],"class_list":["post-3432","post","type-post","status-publish","format-standard","has-post-thumbnail","hentry","category-fashion","category-newsletter"],"yoast_head":"<!-- This site is optimized with the Yoast SEO plugin v25.6 - https:\/\/yoast.com\/wordpress\/plugins\/seo\/ -->\n<title>Infolettre Fabricville - tendances manteaux | Fabricville | Blog<\/title>\n<meta name=\"robots\" content=\"index, follow, max-snippet:-1, max-image-preview:large, max-video-preview:-1\" \/>\n<link rel=\"canonical\" href=\"https:\/\/blog.fabricville.com\/fabricville-newsletter-outerwear-trends\/\" \/>\n<meta property=\"og:locale\" content=\"fr_FR\" \/>\n<meta property=\"og:type\" content=\"article\" \/>\n<meta property=\"og:title\" content=\"Infolettre Fabricville - tendances manteaux | Fabricville | Blog\" \/>\n<meta property=\"og:description\" content=\"D\u00e9sol\u00e9, cet article est seulement disponible en Anglais.Winter is soon coming! When the temperature drops, a warm coat and a good pair of boots quickly become a necessity. Would you like to try your hand at sewing outerwear? In this newsletter, you will find everything you need to make your very own winter coat. &nbsp;&raquo;&nbsp;Read more about: Infolettre Fabricville &#8211; tendances manteaux &nbsp;&raquo;\" \/>\n<meta property=\"og:url\" content=\"https:\/\/blog.fabricville.com\/fabricville-newsletter-outerwear-trends\/\" \/>\n<meta property=\"og:site_name\" content=\"Fabricville | Blog\" \/>\n<meta property=\"article:publisher\" content=\"https:\/\/www.facebook.com\/fabricville\" \/>\n<meta property=\"article:published_time\" content=\"2018-11-14T18:53:01+00:00\" \/>\n<meta property=\"article:modified_time\" content=\"2018-11-14T19:05:00+00:00\" \/>\n<meta property=\"og:image\" content=\"https:\/\/blog.fabricville.com\/wp-content\/uploads\/2018\/11\/FAB_Newsletter_Blog_Fall_EN_02.jpg\" \/>\n\t<meta property=\"og:image:width\" content=\"725\" \/>\n\t<meta property=\"og:image:height\" content=\"900\" \/>\n\t<meta property=\"og:image:type\" content=\"image\/jpeg\" \/>\n<meta name=\"author\" content=\"Fabricville\" \/>\n<meta name=\"twitter:card\" content=\"summary_large_image\" \/>\n<meta name=\"twitter:creator\" content=\"@fabricville\" \/>\n<meta name=\"twitter:site\" content=\"@fabricville\" \/>\n<meta name=\"twitter:label1\" content=\"\u00c9crit par\" \/>\n\t<meta name=\"twitter:data1\" content=\"Fabricville\" \/>\n\t<meta name=\"twitter:label2\" content=\"Dur\u00e9e de lecture estim\u00e9e\" \/>\n\t<meta name=\"twitter:data2\" content=\"6 minutes\" \/>\n<script type=\"application\/ld+json\" class=\"yoast-schema-graph\">{\"@context\":\"https:\/\/schema.org\",\"@graph\":[{\"@type\":\"WebPage\",\"@id\":\"https:\/\/blog.fabricville.com\/fabricville-newsletter-outerwear-trends\/\",\"url\":\"https:\/\/blog.fabricville.com\/fabricville-newsletter-outerwear-trends\/\",\"name\":\"Infolettre Fabricville - tendances manteaux | Fabricville | Blog\",\"isPartOf\":{\"@id\":\"https:\/\/blog.fabricville.com\/en\/#website\"},\"primaryImageOfPage\":{\"@id\":\"https:\/\/blog.fabricville.com\/fabricville-newsletter-outerwear-trends\/#primaryimage\"},\"image\":{\"@id\":\"https:\/\/blog.fabricville.com\/fabricville-newsletter-outerwear-trends\/#primaryimage\"},\"thumbnailUrl\":\"https:\/\/blog.fabricville.com\/wp-content\/uploads\/2018\/11\/FAB_Newsletter_Blog_Fall_EN_02.jpg\",\"datePublished\":\"2018-11-14T18:53:01+00:00\",\"dateModified\":\"2018-11-14T19:05:00+00:00\",\"author\":{\"@id\":\"https:\/\/blog.fabricville.com\/en\/#\/schema\/person\/169648def61d49b583624b9f0b53abad\"},\"breadcrumb\":{\"@id\":\"https:\/\/blog.fabricville.com\/fabricville-newsletter-outerwear-trends\/#breadcrumb\"},\"inLanguage\":\"fr-FR\",\"potentialAction\":[{\"@type\":\"ReadAction\",\"target\":[\"https:\/\/blog.fabricville.com\/fabricville-newsletter-outerwear-trends\/\"]}]},{\"@type\":\"ImageObject\",\"inLanguage\":\"fr-FR\",\"@id\":\"https:\/\/blog.fabricville.com\/fabricville-newsletter-outerwear-trends\/#primaryimage\",\"url\":\"https:\/\/blog.fabricville.com\/wp-content\/uploads\/2018\/11\/FAB_Newsletter_Blog_Fall_EN_02.jpg\",\"contentUrl\":\"https:\/\/blog.fabricville.com\/wp-content\/uploads\/2018\/11\/FAB_Newsletter_Blog_Fall_EN_02.jpg\",\"width\":725,\"height\":900},{\"@type\":\"BreadcrumbList\",\"@id\":\"https:\/\/blog.fabricville.com\/fabricville-newsletter-outerwear-trends\/#breadcrumb\",\"itemListElement\":[{\"@type\":\"ListItem\",\"position\":1,\"name\":\"Home\",\"item\":\"https:\/\/blog.fabricville.com\/en\/\"},{\"@type\":\"ListItem\",\"position\":2,\"name\":\"Infolettre Fabricville &#8211; tendances manteaux\"}]},{\"@type\":\"WebSite\",\"@id\":\"https:\/\/blog.fabricville.com\/en\/#website\",\"url\":\"https:\/\/blog.fabricville.com\/en\/\",\"name\":\"Fabricville | Blog\",\"description\":\"\",\"potentialAction\":[{\"@type\":\"SearchAction\",\"target\":{\"@type\":\"EntryPoint\",\"urlTemplate\":\"https:\/\/blog.fabricville.com\/en\/?s={search_term_string}\"},\"query-input\":{\"@type\":\"PropertyValueSpecification\",\"valueRequired\":true,\"valueName\":\"search_term_string\"}}],\"inLanguage\":\"fr-FR\"},{\"@type\":\"Person\",\"@id\":\"https:\/\/blog.fabricville.com\/en\/#\/schema\/person\/169648def61d49b583624b9f0b53abad\",\"name\":\"Fabricville\",\"image\":{\"@type\":\"ImageObject\",\"inLanguage\":\"fr-FR\",\"@id\":\"https:\/\/blog.fabricville.com\/en\/#\/schema\/person\/image\/\",\"url\":\"https:\/\/blog.fabricville.com\/wp-content\/uploads\/2016\/05\/Fabricville-logo-237x194.png\",\"contentUrl\":\"https:\/\/blog.fabricville.com\/wp-content\/uploads\/2016\/05\/Fabricville-logo-237x194.png\",\"caption\":\"Fabricville\"},\"url\":\"https:\/\/blog.fabricville.com\/fr\/author\/fabricville\/\"}]}<\/script>\n<!-- \/ Yoast SEO plugin. -->","yoast_head_json":{"title":"Infolettre Fabricville - tendances manteaux | Fabricville | Blog","robots":{"index":"index","follow":"follow","max-snippet":"max-snippet:-1","max-image-preview":"max-image-preview:large","max-video-preview":"max-video-preview:-1"},"canonical":"https:\/\/blog.fabricville.com\/fabricville-newsletter-outerwear-trends\/","og_locale":"fr_FR","og_type":"article","og_title":"Infolettre Fabricville - tendances manteaux | Fabricville | Blog","og_description":"D\u00e9sol\u00e9, cet article est seulement disponible en Anglais.Winter is soon coming! When the temperature drops, a warm coat and a good pair of boots quickly become a necessity. Would you like to try your hand at sewing outerwear? In this newsletter, you will find everything you need to make your very own winter coat. &nbsp;&raquo;&nbsp;Read more about: Infolettre Fabricville &#8211; tendances manteaux &nbsp;&raquo;","og_url":"https:\/\/blog.fabricville.com\/fabricville-newsletter-outerwear-trends\/","og_site_name":"Fabricville | Blog","article_publisher":"https:\/\/www.facebook.com\/fabricville","article_published_time":"2018-11-14T18:53:01+00:00","article_modified_time":"2018-11-14T19:05:00+00:00","og_image":[{"width":725,"height":900,"url":"https:\/\/blog.fabricville.com\/wp-content\/uploads\/2018\/11\/FAB_Newsletter_Blog_Fall_EN_02.jpg","type":"image\/jpeg"}],"author":"Fabricville","twitter_card":"summary_large_image","twitter_creator":"@fabricville","twitter_site":"@fabricville","twitter_misc":{"\u00c9crit par":"Fabricville","Dur\u00e9e de lecture estim\u00e9e":"6 minutes"},"schema":{"@context":"https:\/\/schema.org","@graph":[{"@type":"WebPage","@id":"https:\/\/blog.fabricville.com\/fabricville-newsletter-outerwear-trends\/","url":"https:\/\/blog.fabricville.com\/fabricville-newsletter-outerwear-trends\/","name":"Infolettre Fabricville - tendances manteaux | Fabricville | Blog","isPartOf":{"@id":"https:\/\/blog.fabricville.com\/en\/#website"},"primaryImageOfPage":{"@id":"https:\/\/blog.fabricville.com\/fabricville-newsletter-outerwear-trends\/#primaryimage"},"image":{"@id":"https:\/\/blog.fabricville.com\/fabricville-newsletter-outerwear-trends\/#primaryimage"},"thumbnailUrl":"https:\/\/blog.fabricville.com\/wp-content\/uploads\/2018\/11\/FAB_Newsletter_Blog_Fall_EN_02.jpg","datePublished":"2018-11-14T18:53:01+00:00","dateModified":"2018-11-14T19:05:00+00:00","author":{"@id":"https:\/\/blog.fabricville.com\/en\/#\/schema\/person\/169648def61d49b583624b9f0b53abad"},"breadcrumb":{"@id":"https:\/\/blog.fabricville.com\/fabricville-newsletter-outerwear-trends\/#breadcrumb"},"inLanguage":"fr-FR","potentialAction":[{"@type":"ReadAction","target":["https:\/\/blog.fabricville.com\/fabricville-newsletter-outerwear-trends\/"]}]},{"@type":"ImageObject","inLanguage":"fr-FR","@id":"https:\/\/blog.fabricville.com\/fabricville-newsletter-outerwear-trends\/#primaryimage","url":"https:\/\/blog.fabricville.com\/wp-content\/uploads\/2018\/11\/FAB_Newsletter_Blog_Fall_EN_02.jpg","contentUrl":"https:\/\/blog.fabricville.com\/wp-content\/uploads\/2018\/11\/FAB_Newsletter_Blog_Fall_EN_02.jpg","width":725,"height":900},{"@type":"BreadcrumbList","@id":"https:\/\/blog.fabricville.com\/fabricville-newsletter-outerwear-trends\/#breadcrumb","itemListElement":[{"@type":"ListItem","position":1,"name":"Home","item":"https:\/\/blog.fabricville.com\/en\/"},{"@type":"ListItem","position":2,"name":"Infolettre Fabricville &#8211; tendances manteaux"}]},{"@type":"WebSite","@id":"https:\/\/blog.fabricville.com\/en\/#website","url":"https:\/\/blog.fabricville.com\/en\/","name":"Fabricville | Blog","description":"","potentialAction":[{"@type":"SearchAction","target":{"@type":"EntryPoint","urlTemplate":"https:\/\/blog.fabricville.com\/en\/?s={search_term_string}"},"query-input":{"@type":"PropertyValueSpecification","valueRequired":true,"valueName":"search_term_string"}}],"inLanguage":"fr-FR"},{"@type":"Person","@id":"https:\/\/blog.fabricville.com\/en\/#\/schema\/person\/169648def61d49b583624b9f0b53abad","name":"Fabricville","image":{"@type":"ImageObject","inLanguage":"fr-FR","@id":"https:\/\/blog.fabricville.com\/en\/#\/schema\/person\/image\/","url":"https:\/\/blog.fabricville.com\/wp-content\/uploads\/2016\/05\/Fabricville-logo-237x194.png","contentUrl":"https:\/\/blog.fabricville.com\/wp-content\/uploads\/2016\/05\/Fabricville-logo-237x194.png","caption":"Fabricville"},"url":"https:\/\/blog.fabricville.com\/fr\/author\/fabricville\/"}]}},"_links":{"self":[{"href":"https:\/\/blog.fabricville.com\/fr\/wp-json\/wp\/v2\/posts\/3432"}],"collection":[{"href":"https:\/\/blog.fabricville.com\/fr\/wp-json\/wp\/v2\/posts"}],"about":[{"href":"https:\/\/blog.fabricville.com\/fr\/wp-json\/wp\/v2\/types\/post"}],"author":[{"embeddable":true,"href":"https:\/\/blog.fabricville.com\/fr\/wp-json\/wp\/v2\/users\/1"}],"replies":[{"embeddable":true,"href":"https:\/\/blog.fabricville.com\/fr\/wp-json\/wp\/v2\/comments?post=3432"}],"version-history":[{"count":22,"href":"https:\/\/blog.fabricville.com\/fr\/wp-json\/wp\/v2\/posts\/3432\/revisions"}],"predecessor-version":[{"id":3570,"href":"https:\/\/blog.fabricville.com\/fr\/wp-json\/wp\/v2\/posts\/3432\/revisions\/3570"}],"wp:featuredmedia":[{"embeddable":true,"href":"https:\/\/blog.fabricville.com\/fr\/wp-json\/wp\/v2\/media\/3572"}],"wp:attachment":[{"href":"https:\/\/blog.fabricville.com\/fr\/wp-json\/wp\/v2\/media?parent=3432"}],"wp:term":[{"taxonomy":"category","embeddable":true,"href":"https:\/\/blog.fabricville.com\/fr\/wp-json\/wp\/v2\/categories?post=3432"},{"taxonomy":"post_tag","embeddable":true,"href":"https:\/\/blog.fabricville.com\/fr\/wp-json\/wp\/v2\/tags?post=3432"}],"curies":[{"name":"wp","href":"https:\/\/api.w.org\/{rel}","templated":true}]}}