{"id":5859,"date":"2019-11-08T18:31:12","date_gmt":"2019-11-08T18:31:12","guid":{"rendered":"https:\/\/blog.fabricville.com\/?p=5859"},"modified":"2019-11-08T18:31:12","modified_gmt":"2019-11-08T18:31:12","slug":"letting-the-fabric-speak-a-boiled-wool-car-coat","status":"publish","type":"post","link":"https:\/\/blog.fabricville.com\/fr\/letting-the-fabric-speak-a-boiled-wool-car-coat\/","title":{"rendered":"Letting the fabric speak: a boiled wool car coat"},"content":{"rendered":"<p>My mother used to talk about car coats &#8211; loose thigh length half coat\/ half jacket suitable to dashing out of the house on errands &#8211; which in my life most often means driving down to the Fabricville at the bottom of my street for supplies.<\/p>\n<p>Some folks start a project with a style or pattern in mind first. I start with a fabric and work backwards. <\/p>\n<p>When I saw this amazing bright red light boiled wool with the embossed flowers, all I could think of was car coat.<\/p>","protected":false},"excerpt":{"rendered":"<p class=\"qtranxs-available-languages-message qtranxs-available-languages-message-fr\">D\u00e9sol\u00e9, cet article est seulement disponible en Anglais.<\/p>\n<p>My mother used to talk about car coats, loose thigh length half coat\/ half jackets suitable for dashing out of the house on errands, which in my life most often means driving down to the Fabricville at the bottom of my street for supplies.<\/p>\n<p>  <a href=\"https:\/\/blog.fabricville.com\/fr\/letting-the-fabric-speak-a-boiled-wool-car-coat\/\">&nbsp;&raquo;&nbsp;Read more about: Letting the fabric speak: a boiled wool car coat &nbsp;&raquo;<\/a><\/p>\n","protected":false},"author":16,"featured_media":5916,"comment_status":"open","ping_status":"open","sticky":false,"template":"","format":"standard","meta":{"footnotes":""},"categories":[40],"tags":[],"class_list":["post-5859","post","type-post","status-publish","format-standard","has-post-thumbnail","hentry","category-fashion"],"yoast_head":"<!-- This site is optimized with the Yoast SEO plugin v25.6 - https:\/\/yoast.com\/wordpress\/plugins\/seo\/ -->\n<title>Letting the fabric speak: a boiled wool car coat | Fabricville | Blog<\/title>\n<meta name=\"robots\" content=\"index, follow, max-snippet:-1, max-image-preview:large, max-video-preview:-1\" \/>\n<link rel=\"canonical\" href=\"https:\/\/blog.fabricville.com\/letting-the-fabric-speak-a-boiled-wool-car-coat\/\" \/>\n<meta property=\"og:locale\" content=\"fr_FR\" \/>\n<meta property=\"og:type\" content=\"article\" \/>\n<meta property=\"og:title\" content=\"Letting the fabric speak: a boiled wool car coat | Fabricville | Blog\" \/>\n<meta property=\"og:description\" content=\"D\u00e9sol\u00e9, cet article est seulement disponible en Anglais.My mother used to talk about car coats, loose thigh length half coat\/ half jackets suitable for dashing out of the house on errands, which in my life most often means driving down to the Fabricville at the bottom of my street for supplies. &nbsp;&raquo;&nbsp;Read more about: Letting the fabric speak: a boiled wool car coat &nbsp;&raquo;\" \/>\n<meta property=\"og:url\" content=\"https:\/\/blog.fabricville.com\/letting-the-fabric-speak-a-boiled-wool-car-coat\/\" \/>\n<meta property=\"og:site_name\" content=\"Fabricville | Blog\" \/>\n<meta property=\"article:publisher\" content=\"https:\/\/www.facebook.com\/fabricville\" \/>\n<meta property=\"article:published_time\" content=\"2019-11-08T18:31:12+00:00\" \/>\n<meta property=\"og:image\" content=\"https:\/\/blog.fabricville.com\/wp-content\/uploads\/2019\/11\/barb.jpg\" \/>\n\t<meta property=\"og:image:width\" content=\"725\" \/>\n\t<meta property=\"og:image:height\" content=\"500\" \/>\n\t<meta property=\"og:image:type\" content=\"image\/jpeg\" \/>\n<meta name=\"author\" content=\"Barbara Emodi\" \/>\n<meta name=\"twitter:card\" content=\"summary_large_image\" \/>\n<meta name=\"twitter:creator\" content=\"@fabricville\" \/>\n<meta name=\"twitter:site\" content=\"@fabricville\" \/>\n<meta name=\"twitter:label1\" content=\"\u00c9crit par\" \/>\n\t<meta name=\"twitter:data1\" content=\"Barbara Emodi\" \/>\n\t<meta name=\"twitter:label2\" content=\"Dur\u00e9e de lecture estim\u00e9e\" \/>\n\t<meta name=\"twitter:data2\" content=\"2 minutes\" \/>\n<script type=\"application\/ld+json\" class=\"yoast-schema-graph\">{\"@context\":\"https:\/\/schema.org\",\"@graph\":[{\"@type\":\"WebPage\",\"@id\":\"https:\/\/blog.fabricville.com\/letting-the-fabric-speak-a-boiled-wool-car-coat\/\",\"url\":\"https:\/\/blog.fabricville.com\/letting-the-fabric-speak-a-boiled-wool-car-coat\/\",\"name\":\"Letting the fabric speak: a boiled wool car coat | Fabricville | Blog\",\"isPartOf\":{\"@id\":\"https:\/\/blog.fabricville.com\/en\/#website\"},\"primaryImageOfPage\":{\"@id\":\"https:\/\/blog.fabricville.com\/letting-the-fabric-speak-a-boiled-wool-car-coat\/#primaryimage\"},\"image\":{\"@id\":\"https:\/\/blog.fabricville.com\/letting-the-fabric-speak-a-boiled-wool-car-coat\/#primaryimage\"},\"thumbnailUrl\":\"https:\/\/blog.fabricville.com\/wp-content\/uploads\/2019\/11\/barb.jpg\",\"datePublished\":\"2019-11-08T18:31:12+00:00\",\"author\":{\"@id\":\"https:\/\/blog.fabricville.com\/en\/#\/schema\/person\/074b0d6a534b6b0b3ef3e58e0973d1e9\"},\"breadcrumb\":{\"@id\":\"https:\/\/blog.fabricville.com\/letting-the-fabric-speak-a-boiled-wool-car-coat\/#breadcrumb\"},\"inLanguage\":\"fr-FR\",\"potentialAction\":[{\"@type\":\"ReadAction\",\"target\":[\"https:\/\/blog.fabricville.com\/letting-the-fabric-speak-a-boiled-wool-car-coat\/\"]}]},{\"@type\":\"ImageObject\",\"inLanguage\":\"fr-FR\",\"@id\":\"https:\/\/blog.fabricville.com\/letting-the-fabric-speak-a-boiled-wool-car-coat\/#primaryimage\",\"url\":\"https:\/\/blog.fabricville.com\/wp-content\/uploads\/2019\/11\/barb.jpg\",\"contentUrl\":\"https:\/\/blog.fabricville.com\/wp-content\/uploads\/2019\/11\/barb.jpg\",\"width\":725,\"height\":500},{\"@type\":\"BreadcrumbList\",\"@id\":\"https:\/\/blog.fabricville.com\/letting-the-fabric-speak-a-boiled-wool-car-coat\/#breadcrumb\",\"itemListElement\":[{\"@type\":\"ListItem\",\"position\":1,\"name\":\"Home\",\"item\":\"https:\/\/blog.fabricville.com\/en\/\"},{\"@type\":\"ListItem\",\"position\":2,\"name\":\"Letting the fabric speak: a boiled wool car coat\"}]},{\"@type\":\"WebSite\",\"@id\":\"https:\/\/blog.fabricville.com\/en\/#website\",\"url\":\"https:\/\/blog.fabricville.com\/en\/\",\"name\":\"Fabricville | Blog\",\"description\":\"\",\"potentialAction\":[{\"@type\":\"SearchAction\",\"target\":{\"@type\":\"EntryPoint\",\"urlTemplate\":\"https:\/\/blog.fabricville.com\/en\/?s={search_term_string}\"},\"query-input\":{\"@type\":\"PropertyValueSpecification\",\"valueRequired\":true,\"valueName\":\"search_term_string\"}}],\"inLanguage\":\"fr-FR\"},{\"@type\":\"Person\",\"@id\":\"https:\/\/blog.fabricville.com\/en\/#\/schema\/person\/074b0d6a534b6b0b3ef3e58e0973d1e9\",\"name\":\"Barbara Emodi\",\"image\":{\"@type\":\"ImageObject\",\"inLanguage\":\"fr-FR\",\"@id\":\"https:\/\/blog.fabricville.com\/en\/#\/schema\/person\/image\/\",\"url\":\"https:\/\/blog.fabricville.com\/wp-content\/uploads\/2016\/05\/babs-hair.jpg\",\"contentUrl\":\"https:\/\/blog.fabricville.com\/wp-content\/uploads\/2016\/05\/babs-hair.jpg\",\"caption\":\"Barbara Emodi\"},\"description\":\"I sew and blog in Halifax Nova Scotia\",\"sameAs\":[\"http:\/\/sewingontheedge.blogspot.ca\"],\"url\":\"https:\/\/blog.fabricville.com\/fr\/author\/barbara-emodi\/\"}]}<\/script>\n<!-- \/ Yoast SEO plugin. -->","yoast_head_json":{"title":"Letting the fabric speak: a boiled wool car coat | Fabricville | Blog","robots":{"index":"index","follow":"follow","max-snippet":"max-snippet:-1","max-image-preview":"max-image-preview:large","max-video-preview":"max-video-preview:-1"},"canonical":"https:\/\/blog.fabricville.com\/letting-the-fabric-speak-a-boiled-wool-car-coat\/","og_locale":"fr_FR","og_type":"article","og_title":"Letting the fabric speak: a boiled wool car coat | Fabricville | Blog","og_description":"D\u00e9sol\u00e9, cet article est seulement disponible en Anglais.My mother used to talk about car coats, loose thigh length half coat\/ half jackets suitable for dashing out of the house on errands, which in my life most often means driving down to the Fabricville at the bottom of my street for supplies. &nbsp;&raquo;&nbsp;Read more about: Letting the fabric speak: a boiled wool car coat &nbsp;&raquo;","og_url":"https:\/\/blog.fabricville.com\/letting-the-fabric-speak-a-boiled-wool-car-coat\/","og_site_name":"Fabricville | Blog","article_publisher":"https:\/\/www.facebook.com\/fabricville","article_published_time":"2019-11-08T18:31:12+00:00","og_image":[{"width":725,"height":500,"url":"https:\/\/blog.fabricville.com\/wp-content\/uploads\/2019\/11\/barb.jpg","type":"image\/jpeg"}],"author":"Barbara Emodi","twitter_card":"summary_large_image","twitter_creator":"@fabricville","twitter_site":"@fabricville","twitter_misc":{"\u00c9crit par":"Barbara Emodi","Dur\u00e9e de lecture estim\u00e9e":"2 minutes"},"schema":{"@context":"https:\/\/schema.org","@graph":[{"@type":"WebPage","@id":"https:\/\/blog.fabricville.com\/letting-the-fabric-speak-a-boiled-wool-car-coat\/","url":"https:\/\/blog.fabricville.com\/letting-the-fabric-speak-a-boiled-wool-car-coat\/","name":"Letting the fabric speak: a boiled wool car coat | Fabricville | Blog","isPartOf":{"@id":"https:\/\/blog.fabricville.com\/en\/#website"},"primaryImageOfPage":{"@id":"https:\/\/blog.fabricville.com\/letting-the-fabric-speak-a-boiled-wool-car-coat\/#primaryimage"},"image":{"@id":"https:\/\/blog.fabricville.com\/letting-the-fabric-speak-a-boiled-wool-car-coat\/#primaryimage"},"thumbnailUrl":"https:\/\/blog.fabricville.com\/wp-content\/uploads\/2019\/11\/barb.jpg","datePublished":"2019-11-08T18:31:12+00:00","author":{"@id":"https:\/\/blog.fabricville.com\/en\/#\/schema\/person\/074b0d6a534b6b0b3ef3e58e0973d1e9"},"breadcrumb":{"@id":"https:\/\/blog.fabricville.com\/letting-the-fabric-speak-a-boiled-wool-car-coat\/#breadcrumb"},"inLanguage":"fr-FR","potentialAction":[{"@type":"ReadAction","target":["https:\/\/blog.fabricville.com\/letting-the-fabric-speak-a-boiled-wool-car-coat\/"]}]},{"@type":"ImageObject","inLanguage":"fr-FR","@id":"https:\/\/blog.fabricville.com\/letting-the-fabric-speak-a-boiled-wool-car-coat\/#primaryimage","url":"https:\/\/blog.fabricville.com\/wp-content\/uploads\/2019\/11\/barb.jpg","contentUrl":"https:\/\/blog.fabricville.com\/wp-content\/uploads\/2019\/11\/barb.jpg","width":725,"height":500},{"@type":"BreadcrumbList","@id":"https:\/\/blog.fabricville.com\/letting-the-fabric-speak-a-boiled-wool-car-coat\/#breadcrumb","itemListElement":[{"@type":"ListItem","position":1,"name":"Home","item":"https:\/\/blog.fabricville.com\/en\/"},{"@type":"ListItem","position":2,"name":"Letting the fabric speak: a boiled wool car coat"}]},{"@type":"WebSite","@id":"https:\/\/blog.fabricville.com\/en\/#website","url":"https:\/\/blog.fabricville.com\/en\/","name":"Fabricville | Blog","description":"","potentialAction":[{"@type":"SearchAction","target":{"@type":"EntryPoint","urlTemplate":"https:\/\/blog.fabricville.com\/en\/?s={search_term_string}"},"query-input":{"@type":"PropertyValueSpecification","valueRequired":true,"valueName":"search_term_string"}}],"inLanguage":"fr-FR"},{"@type":"Person","@id":"https:\/\/blog.fabricville.com\/en\/#\/schema\/person\/074b0d6a534b6b0b3ef3e58e0973d1e9","name":"Barbara Emodi","image":{"@type":"ImageObject","inLanguage":"fr-FR","@id":"https:\/\/blog.fabricville.com\/en\/#\/schema\/person\/image\/","url":"https:\/\/blog.fabricville.com\/wp-content\/uploads\/2016\/05\/babs-hair.jpg","contentUrl":"https:\/\/blog.fabricville.com\/wp-content\/uploads\/2016\/05\/babs-hair.jpg","caption":"Barbara Emodi"},"description":"I sew and blog in Halifax Nova Scotia","sameAs":["http:\/\/sewingontheedge.blogspot.ca"],"url":"https:\/\/blog.fabricville.com\/fr\/author\/barbara-emodi\/"}]}},"_links":{"self":[{"href":"https:\/\/blog.fabricville.com\/fr\/wp-json\/wp\/v2\/posts\/5859"}],"collection":[{"href":"https:\/\/blog.fabricville.com\/fr\/wp-json\/wp\/v2\/posts"}],"about":[{"href":"https:\/\/blog.fabricville.com\/fr\/wp-json\/wp\/v2\/types\/post"}],"author":[{"embeddable":true,"href":"https:\/\/blog.fabricville.com\/fr\/wp-json\/wp\/v2\/users\/16"}],"replies":[{"embeddable":true,"href":"https:\/\/blog.fabricville.com\/fr\/wp-json\/wp\/v2\/comments?post=5859"}],"version-history":[{"count":7,"href":"https:\/\/blog.fabricville.com\/fr\/wp-json\/wp\/v2\/posts\/5859\/revisions"}],"predecessor-version":[{"id":5917,"href":"https:\/\/blog.fabricville.com\/fr\/wp-json\/wp\/v2\/posts\/5859\/revisions\/5917"}],"wp:featuredmedia":[{"embeddable":true,"href":"https:\/\/blog.fabricville.com\/fr\/wp-json\/wp\/v2\/media\/5916"}],"wp:attachment":[{"href":"https:\/\/blog.fabricville.com\/fr\/wp-json\/wp\/v2\/media?parent=5859"}],"wp:term":[{"taxonomy":"category","embeddable":true,"href":"https:\/\/blog.fabricville.com\/fr\/wp-json\/wp\/v2\/categories?post=5859"},{"taxonomy":"post_tag","embeddable":true,"href":"https:\/\/blog.fabricville.com\/fr\/wp-json\/wp\/v2\/tags?post=5859"}],"curies":[{"name":"wp","href":"https:\/\/api.w.org\/{rel}","templated":true}]}}