{"id":6777,"date":"2020-10-14T18:23:59","date_gmt":"2020-10-14T18:23:59","guid":{"rendered":"https:\/\/blog.fabricville.com\/?p=6777"},"modified":"2020-10-14T18:23:59","modified_gmt":"2020-10-14T18:23:59","slug":"a-classic-coat-with-removable-cape-for-fall","status":"publish","type":"post","link":"https:\/\/blog.fabricville.com\/fr\/a-classic-coat-with-removable-cape-for-fall\/","title":{"rendered":"Un manteau classique avec cape amovible pour l\u2019automne"},"content":{"rendered":"<p>Bonjour \u00e0 tous,<\/p>\n<p>L\u2019automne est ma saison pr\u00e9f\u00e9r\u00e9e parce qu\u2019il ne fait pas trop chaud, pas trop froid et les couleurs sont formidables ! J\u2019avais h\u00e2te de cr\u00e9er un nouveau manteau pour cette saison, mais je ne pouvais pas d\u00e9cider entre faire un manteau classique ou une cape. <!--more-->J\u2019ai alors r\u00e9alis\u00e9 que je poss\u00e9dais le patron id\u00e9al : Simplicity 1016 de Mimi G. Il a des poches avec rabat boutonn\u00e9, une ceinture optionnelle et une cape amovible avec collet et \u00e9paulettes. J\u2019ai \u00e9t\u00e9 tellement inspir\u00e9e en fait, que j\u2019ai d\u00e9cid\u00e9 de reproduire la palette de couleurs utilis\u00e9e sur l\u2019enveloppe du patron.<\/p>\n<p>Pour cela, j\u2019ai achet\u00e9 un tissu de <a href=\"https:\/\/fabricville.com\/fr\/catalogsearch\/result\/?q=Laine+Bouillie+\">laine bouillie<\/a> blanc cass\u00e9 jumel\u00e9 avec et doublure en satin ivoire, tous deux disponibles sur le site de Fabricville dans de nombreuses couleurs diff\u00e9rentes.<\/p>\n<p><img loading=\"lazy\" decoding=\"async\" class=\"alignleft size-full wp-image-6778\" src=\"https:\/\/blog.fabricville.com\/wp-content\/uploads\/2020\/10\/IMG_20200910_171117690.jpg\" alt=\"\" width=\"2243\" height=\"1682\" srcset=\"https:\/\/blog.fabricville.com\/wp-content\/uploads\/2020\/10\/IMG_20200910_171117690.jpg 2243w, https:\/\/blog.fabricville.com\/wp-content\/uploads\/2020\/10\/IMG_20200910_171117690-300x225.jpg 300w, https:\/\/blog.fabricville.com\/wp-content\/uploads\/2020\/10\/IMG_20200910_171117690-1024x768.jpg 1024w, https:\/\/blog.fabricville.com\/wp-content\/uploads\/2020\/10\/IMG_20200910_171117690-1536x1152.jpg 1536w, https:\/\/blog.fabricville.com\/wp-content\/uploads\/2020\/10\/IMG_20200910_171117690-2048x1536.jpg 2048w, https:\/\/blog.fabricville.com\/wp-content\/uploads\/2020\/10\/IMG_20200910_171117690-755x566.jpg 755w\" sizes=\"(max-width: 2243px) 100vw, 2243px\" \/><\/p>\n<p>Les instructions \u00e9taient faciles \u00e0 suivre et ce qui est g\u00e9nial \u00e0 propos de ce patron est le tutoriel vid\u00e9o par Mimi G disponible sur YouTube. Le projet s\u2019est bien d\u00e9roul\u00e9 sans aucune modification \u00e0 faire. Parce que j\u2019ai utilis\u00e9 de la laine bouillie, ce qui est plus lourd que le tissu recommand\u00e9, j\u2019ai omis l\u2019interface pour r\u00e9duire le volume, et c\u2019\u00e9tait tr\u00e8s bien comme \u00e7a.<\/p>\n<p><img loading=\"lazy\" decoding=\"async\" class=\"alignleft size-full wp-image-6779\" src=\"https:\/\/blog.fabricville.com\/wp-content\/uploads\/2020\/10\/P1340356b-scaled.jpg\" alt=\"\" width=\"2560\" height=\"2560\" srcset=\"https:\/\/blog.fabricville.com\/wp-content\/uploads\/2020\/10\/P1340356b-scaled.jpg 2560w, https:\/\/blog.fabricville.com\/wp-content\/uploads\/2020\/10\/P1340356b-300x300.jpg 300w, https:\/\/blog.fabricville.com\/wp-content\/uploads\/2020\/10\/P1340356b-1024x1024.jpg 1024w, https:\/\/blog.fabricville.com\/wp-content\/uploads\/2020\/10\/P1340356b-1536x1536.jpg 1536w, https:\/\/blog.fabricville.com\/wp-content\/uploads\/2020\/10\/P1340356b-2048x2048.jpg 2048w, https:\/\/blog.fabricville.com\/wp-content\/uploads\/2020\/10\/P1340356b-755x755.jpg 755w\" sizes=\"(max-width: 2560px) 100vw, 2560px\" \/><\/p>\n<p>J\u2019aime que ce manteau peut \u00eatre port\u00e9 avec ou sans la cape, ou vous pouvez simplement porter la cape seule.<\/p>\n<p>J\u2019ai vraiment aim\u00e9 travailler avec ces tissus et je suis tr\u00e8s satisfaite de mon manteau ! Il est port\u00e9 ici par ma belle-s\u0153ur Olga.<\/p>\n<p>J\u2019esp\u00e8re que vous \u00eates \u00e9galement inspir\u00e9(e)(s) pour cr\u00e9er des projets fantastiques pour l\u2019automne!<\/p>\n<p>Bonne couture!<\/p>\n<p>Sara<\/p>\n<p><img loading=\"lazy\" decoding=\"async\" class=\"alignleft size-full wp-image-6793\" src=\"https:\/\/blog.fabricville.com\/wp-content\/uploads\/2020\/10\/P1340331d.jpg\" alt=\"\" width=\"1225\" height=\"1631\" srcset=\"https:\/\/blog.fabricville.com\/wp-content\/uploads\/2020\/10\/P1340331d.jpg 1225w, https:\/\/blog.fabricville.com\/wp-content\/uploads\/2020\/10\/P1340331d-225x300.jpg 225w, https:\/\/blog.fabricville.com\/wp-content\/uploads\/2020\/10\/P1340331d-769x1024.jpg 769w, https:\/\/blog.fabricville.com\/wp-content\/uploads\/2020\/10\/P1340331d-1154x1536.jpg 1154w, https:\/\/blog.fabricville.com\/wp-content\/uploads\/2020\/10\/P1340331d-755x1005.jpg 755w\" sizes=\"(max-width: 1225px) 100vw, 1225px\" \/> <img loading=\"lazy\" decoding=\"async\" class=\"alignleft size-full wp-image-6792\" src=\"https:\/\/blog.fabricville.com\/wp-content\/uploads\/2020\/10\/P1340352d-rotated.jpg\" alt=\"\" width=\"1225\" height=\"1632\" srcset=\"https:\/\/blog.fabricville.com\/wp-content\/uploads\/2020\/10\/P1340352d-rotated.jpg 1225w, https:\/\/blog.fabricville.com\/wp-content\/uploads\/2020\/10\/P1340352d-225x300.jpg 225w, https:\/\/blog.fabricville.com\/wp-content\/uploads\/2020\/10\/P1340352d-769x1024.jpg 769w, https:\/\/blog.fabricville.com\/wp-content\/uploads\/2020\/10\/P1340352d-1153x1536.jpg 1153w, https:\/\/blog.fabricville.com\/wp-content\/uploads\/2020\/10\/P1340352d-755x1006.jpg 755w\" sizes=\"(max-width: 1225px) 100vw, 1225px\" \/> <img loading=\"lazy\" decoding=\"async\" class=\"alignleft size-full wp-image-6791\" src=\"https:\/\/blog.fabricville.com\/wp-content\/uploads\/2020\/10\/P1340346d-rotated.jpg\" alt=\"\" width=\"1225\" height=\"1632\" srcset=\"https:\/\/blog.fabricville.com\/wp-content\/uploads\/2020\/10\/P1340346d-rotated.jpg 1225w, https:\/\/blog.fabricville.com\/wp-content\/uploads\/2020\/10\/P1340346d-225x300.jpg 225w, https:\/\/blog.fabricville.com\/wp-content\/uploads\/2020\/10\/P1340346d-769x1024.jpg 769w, https:\/\/blog.fabricville.com\/wp-content\/uploads\/2020\/10\/P1340346d-1153x1536.jpg 1153w, https:\/\/blog.fabricville.com\/wp-content\/uploads\/2020\/10\/P1340346d-755x1006.jpg 755w\" sizes=\"(max-width: 1225px) 100vw, 1225px\" \/> <img loading=\"lazy\" decoding=\"async\" class=\"alignleft size-full wp-image-6790\" src=\"https:\/\/blog.fabricville.com\/wp-content\/uploads\/2020\/10\/P1340341d-rotated.jpg\" alt=\"\" width=\"1225\" height=\"1632\" srcset=\"https:\/\/blog.fabricville.com\/wp-content\/uploads\/2020\/10\/P1340341d-rotated.jpg 1225w, https:\/\/blog.fabricville.com\/wp-content\/uploads\/2020\/10\/P1340341d-225x300.jpg 225w, https:\/\/blog.fabricville.com\/wp-content\/uploads\/2020\/10\/P1340341d-769x1024.jpg 769w, https:\/\/blog.fabricville.com\/wp-content\/uploads\/2020\/10\/P1340341d-1153x1536.jpg 1153w, https:\/\/blog.fabricville.com\/wp-content\/uploads\/2020\/10\/P1340341d-755x1006.jpg 755w\" sizes=\"(max-width: 1225px) 100vw, 1225px\" \/> <img loading=\"lazy\" decoding=\"async\" class=\"alignleft size-full wp-image-6789\" src=\"https:\/\/blog.fabricville.com\/wp-content\/uploads\/2020\/10\/P1340335d-1-rotated.jpg\" alt=\"\" width=\"1225\" height=\"1632\" srcset=\"https:\/\/blog.fabricville.com\/wp-content\/uploads\/2020\/10\/P1340335d-1-rotated.jpg 1225w, https:\/\/blog.fabricville.com\/wp-content\/uploads\/2020\/10\/P1340335d-1-225x300.jpg 225w, https:\/\/blog.fabricville.com\/wp-content\/uploads\/2020\/10\/P1340335d-1-769x1024.jpg 769w, https:\/\/blog.fabricville.com\/wp-content\/uploads\/2020\/10\/P1340335d-1-1153x1536.jpg 1153w, https:\/\/blog.fabricville.com\/wp-content\/uploads\/2020\/10\/P1340335d-1-755x1006.jpg 755w\" sizes=\"(max-width: 1225px) 100vw, 1225px\" \/><\/p>","protected":false},"excerpt":{"rendered":"<p class=\"qtranxs-available-languages-message qtranxs-available-languages-message-fr\">D\u00e9sol\u00e9, cet article est seulement disponible en Anglais.<\/p>\n<p>Hello fellow sewists,<\/p>\n<p>Fall is my favorite season because it is not too hot, not too cold and simply beautiful during foliage. <\/p>\n<p>  <a href=\"https:\/\/blog.fabricville.com\/fr\/a-classic-coat-with-removable-cape-for-fall\/\">&nbsp;&raquo;&nbsp;Read more about: Un manteau classique avec cape amovible pour l\u2019automne &nbsp;&raquo;<\/a><\/p>\n","protected":false},"author":33,"featured_media":6789,"comment_status":"open","ping_status":"open","sticky":false,"template":"","format":"standard","meta":{"footnotes":""},"categories":[40],"tags":[],"class_list":["post-6777","post","type-post","status-publish","format-standard","has-post-thumbnail","hentry","category-fashion"],"yoast_head":"<!-- This site is optimized with the Yoast SEO plugin v25.6 - https:\/\/yoast.com\/wordpress\/plugins\/seo\/ -->\n<title>Un manteau classique avec cape amovible pour l\u2019automne | Fabricville | Blog<\/title>\n<meta name=\"robots\" content=\"index, follow, max-snippet:-1, max-image-preview:large, max-video-preview:-1\" \/>\n<link rel=\"canonical\" href=\"https:\/\/blog.fabricville.com\/a-classic-coat-with-removable-cape-for-fall\/\" \/>\n<meta property=\"og:locale\" content=\"fr_FR\" \/>\n<meta property=\"og:type\" content=\"article\" \/>\n<meta property=\"og:title\" content=\"Un manteau classique avec cape amovible pour l\u2019automne | Fabricville | Blog\" \/>\n<meta property=\"og:description\" content=\"D\u00e9sol\u00e9, cet article est seulement disponible en Anglais.Hello fellow sewists, Fall is my favorite season because it is not too hot, not too cold and simply beautiful during foliage.  &nbsp;&raquo;&nbsp;Read more about: Un manteau classique avec cape amovible pour l\u2019automne &nbsp;&raquo;\" \/>\n<meta property=\"og:url\" content=\"https:\/\/blog.fabricville.com\/a-classic-coat-with-removable-cape-for-fall\/\" \/>\n<meta property=\"og:site_name\" content=\"Fabricville | Blog\" \/>\n<meta property=\"article:publisher\" content=\"https:\/\/www.facebook.com\/fabricville\" \/>\n<meta property=\"article:published_time\" content=\"2020-10-14T18:23:59+00:00\" \/>\n<meta property=\"og:image\" content=\"https:\/\/blog.fabricville.com\/wp-content\/uploads\/2020\/10\/P1340335d-1-rotated.jpg\" \/>\n\t<meta property=\"og:image:width\" content=\"1225\" \/>\n\t<meta property=\"og:image:height\" content=\"1632\" \/>\n\t<meta property=\"og:image:type\" content=\"image\/jpeg\" \/>\n<meta name=\"author\" content=\"Sara Dagenais\" \/>\n<meta name=\"twitter:card\" content=\"summary_large_image\" \/>\n<meta name=\"twitter:creator\" content=\"@fabricville\" \/>\n<meta name=\"twitter:site\" content=\"@fabricville\" \/>\n<meta name=\"twitter:label1\" content=\"\u00c9crit par\" \/>\n\t<meta name=\"twitter:data1\" content=\"Sara Dagenais\" \/>\n\t<meta name=\"twitter:label2\" content=\"Dur\u00e9e de lecture estim\u00e9e\" \/>\n\t<meta name=\"twitter:data2\" content=\"3 minutes\" \/>\n<script type=\"application\/ld+json\" class=\"yoast-schema-graph\">{\"@context\":\"https:\/\/schema.org\",\"@graph\":[{\"@type\":\"WebPage\",\"@id\":\"https:\/\/blog.fabricville.com\/a-classic-coat-with-removable-cape-for-fall\/\",\"url\":\"https:\/\/blog.fabricville.com\/a-classic-coat-with-removable-cape-for-fall\/\",\"name\":\"Un manteau classique avec cape amovible pour l\u2019automne | Fabricville | Blog\",\"isPartOf\":{\"@id\":\"https:\/\/blog.fabricville.com\/en\/#website\"},\"primaryImageOfPage\":{\"@id\":\"https:\/\/blog.fabricville.com\/a-classic-coat-with-removable-cape-for-fall\/#primaryimage\"},\"image\":{\"@id\":\"https:\/\/blog.fabricville.com\/a-classic-coat-with-removable-cape-for-fall\/#primaryimage\"},\"thumbnailUrl\":\"https:\/\/blog.fabricville.com\/wp-content\/uploads\/2020\/10\/P1340335d-1-rotated.jpg\",\"datePublished\":\"2020-10-14T18:23:59+00:00\",\"author\":{\"@id\":\"https:\/\/blog.fabricville.com\/en\/#\/schema\/person\/77c6c5ddeec4a6a3699d43199e9a0c36\"},\"breadcrumb\":{\"@id\":\"https:\/\/blog.fabricville.com\/a-classic-coat-with-removable-cape-for-fall\/#breadcrumb\"},\"inLanguage\":\"fr-FR\",\"potentialAction\":[{\"@type\":\"ReadAction\",\"target\":[\"https:\/\/blog.fabricville.com\/a-classic-coat-with-removable-cape-for-fall\/\"]}]},{\"@type\":\"ImageObject\",\"inLanguage\":\"fr-FR\",\"@id\":\"https:\/\/blog.fabricville.com\/a-classic-coat-with-removable-cape-for-fall\/#primaryimage\",\"url\":\"https:\/\/blog.fabricville.com\/wp-content\/uploads\/2020\/10\/P1340335d-1-rotated.jpg\",\"contentUrl\":\"https:\/\/blog.fabricville.com\/wp-content\/uploads\/2020\/10\/P1340335d-1-rotated.jpg\",\"width\":1225,\"height\":1632},{\"@type\":\"BreadcrumbList\",\"@id\":\"https:\/\/blog.fabricville.com\/a-classic-coat-with-removable-cape-for-fall\/#breadcrumb\",\"itemListElement\":[{\"@type\":\"ListItem\",\"position\":1,\"name\":\"Home\",\"item\":\"https:\/\/blog.fabricville.com\/en\/\"},{\"@type\":\"ListItem\",\"position\":2,\"name\":\"A classic coat with removable cape for Fall\"}]},{\"@type\":\"WebSite\",\"@id\":\"https:\/\/blog.fabricville.com\/en\/#website\",\"url\":\"https:\/\/blog.fabricville.com\/en\/\",\"name\":\"Fabricville | Blog\",\"description\":\"\",\"potentialAction\":[{\"@type\":\"SearchAction\",\"target\":{\"@type\":\"EntryPoint\",\"urlTemplate\":\"https:\/\/blog.fabricville.com\/en\/?s={search_term_string}\"},\"query-input\":{\"@type\":\"PropertyValueSpecification\",\"valueRequired\":true,\"valueName\":\"search_term_string\"}}],\"inLanguage\":\"fr-FR\"},{\"@type\":\"Person\",\"@id\":\"https:\/\/blog.fabricville.com\/en\/#\/schema\/person\/77c6c5ddeec4a6a3699d43199e9a0c36\",\"name\":\"Sara Dagenais\",\"image\":{\"@type\":\"ImageObject\",\"inLanguage\":\"fr-FR\",\"@id\":\"https:\/\/blog.fabricville.com\/en\/#\/schema\/person\/image\/\",\"url\":\"https:\/\/blog.fabricville.com\/wp-content\/uploads\/2018\/07\/P1230159.jpg\",\"contentUrl\":\"https:\/\/blog.fabricville.com\/wp-content\/uploads\/2018\/07\/P1230159.jpg\",\"caption\":\"Sara Dagenais\"},\"url\":\"https:\/\/blog.fabricville.com\/fr\/author\/sara-dagenais\/\"}]}<\/script>\n<!-- \/ Yoast SEO plugin. -->","yoast_head_json":{"title":"Un manteau classique avec cape amovible pour l\u2019automne | Fabricville | Blog","robots":{"index":"index","follow":"follow","max-snippet":"max-snippet:-1","max-image-preview":"max-image-preview:large","max-video-preview":"max-video-preview:-1"},"canonical":"https:\/\/blog.fabricville.com\/a-classic-coat-with-removable-cape-for-fall\/","og_locale":"fr_FR","og_type":"article","og_title":"Un manteau classique avec cape amovible pour l\u2019automne | Fabricville | Blog","og_description":"D\u00e9sol\u00e9, cet article est seulement disponible en Anglais.Hello fellow sewists, Fall is my favorite season because it is not too hot, not too cold and simply beautiful during foliage.  &nbsp;&raquo;&nbsp;Read more about: Un manteau classique avec cape amovible pour l\u2019automne &nbsp;&raquo;","og_url":"https:\/\/blog.fabricville.com\/a-classic-coat-with-removable-cape-for-fall\/","og_site_name":"Fabricville | Blog","article_publisher":"https:\/\/www.facebook.com\/fabricville","article_published_time":"2020-10-14T18:23:59+00:00","og_image":[{"width":1225,"height":1632,"url":"https:\/\/blog.fabricville.com\/wp-content\/uploads\/2020\/10\/P1340335d-1-rotated.jpg","type":"image\/jpeg"}],"author":"Sara Dagenais","twitter_card":"summary_large_image","twitter_creator":"@fabricville","twitter_site":"@fabricville","twitter_misc":{"\u00c9crit par":"Sara Dagenais","Dur\u00e9e de lecture estim\u00e9e":"3 minutes"},"schema":{"@context":"https:\/\/schema.org","@graph":[{"@type":"WebPage","@id":"https:\/\/blog.fabricville.com\/a-classic-coat-with-removable-cape-for-fall\/","url":"https:\/\/blog.fabricville.com\/a-classic-coat-with-removable-cape-for-fall\/","name":"Un manteau classique avec cape amovible pour l\u2019automne | Fabricville | Blog","isPartOf":{"@id":"https:\/\/blog.fabricville.com\/en\/#website"},"primaryImageOfPage":{"@id":"https:\/\/blog.fabricville.com\/a-classic-coat-with-removable-cape-for-fall\/#primaryimage"},"image":{"@id":"https:\/\/blog.fabricville.com\/a-classic-coat-with-removable-cape-for-fall\/#primaryimage"},"thumbnailUrl":"https:\/\/blog.fabricville.com\/wp-content\/uploads\/2020\/10\/P1340335d-1-rotated.jpg","datePublished":"2020-10-14T18:23:59+00:00","author":{"@id":"https:\/\/blog.fabricville.com\/en\/#\/schema\/person\/77c6c5ddeec4a6a3699d43199e9a0c36"},"breadcrumb":{"@id":"https:\/\/blog.fabricville.com\/a-classic-coat-with-removable-cape-for-fall\/#breadcrumb"},"inLanguage":"fr-FR","potentialAction":[{"@type":"ReadAction","target":["https:\/\/blog.fabricville.com\/a-classic-coat-with-removable-cape-for-fall\/"]}]},{"@type":"ImageObject","inLanguage":"fr-FR","@id":"https:\/\/blog.fabricville.com\/a-classic-coat-with-removable-cape-for-fall\/#primaryimage","url":"https:\/\/blog.fabricville.com\/wp-content\/uploads\/2020\/10\/P1340335d-1-rotated.jpg","contentUrl":"https:\/\/blog.fabricville.com\/wp-content\/uploads\/2020\/10\/P1340335d-1-rotated.jpg","width":1225,"height":1632},{"@type":"BreadcrumbList","@id":"https:\/\/blog.fabricville.com\/a-classic-coat-with-removable-cape-for-fall\/#breadcrumb","itemListElement":[{"@type":"ListItem","position":1,"name":"Home","item":"https:\/\/blog.fabricville.com\/en\/"},{"@type":"ListItem","position":2,"name":"A classic coat with removable cape for Fall"}]},{"@type":"WebSite","@id":"https:\/\/blog.fabricville.com\/en\/#website","url":"https:\/\/blog.fabricville.com\/en\/","name":"Fabricville | Blog","description":"","potentialAction":[{"@type":"SearchAction","target":{"@type":"EntryPoint","urlTemplate":"https:\/\/blog.fabricville.com\/en\/?s={search_term_string}"},"query-input":{"@type":"PropertyValueSpecification","valueRequired":true,"valueName":"search_term_string"}}],"inLanguage":"fr-FR"},{"@type":"Person","@id":"https:\/\/blog.fabricville.com\/en\/#\/schema\/person\/77c6c5ddeec4a6a3699d43199e9a0c36","name":"Sara Dagenais","image":{"@type":"ImageObject","inLanguage":"fr-FR","@id":"https:\/\/blog.fabricville.com\/en\/#\/schema\/person\/image\/","url":"https:\/\/blog.fabricville.com\/wp-content\/uploads\/2018\/07\/P1230159.jpg","contentUrl":"https:\/\/blog.fabricville.com\/wp-content\/uploads\/2018\/07\/P1230159.jpg","caption":"Sara Dagenais"},"url":"https:\/\/blog.fabricville.com\/fr\/author\/sara-dagenais\/"}]}},"_links":{"self":[{"href":"https:\/\/blog.fabricville.com\/fr\/wp-json\/wp\/v2\/posts\/6777"}],"collection":[{"href":"https:\/\/blog.fabricville.com\/fr\/wp-json\/wp\/v2\/posts"}],"about":[{"href":"https:\/\/blog.fabricville.com\/fr\/wp-json\/wp\/v2\/types\/post"}],"author":[{"embeddable":true,"href":"https:\/\/blog.fabricville.com\/fr\/wp-json\/wp\/v2\/users\/33"}],"replies":[{"embeddable":true,"href":"https:\/\/blog.fabricville.com\/fr\/wp-json\/wp\/v2\/comments?post=6777"}],"version-history":[{"count":4,"href":"https:\/\/blog.fabricville.com\/fr\/wp-json\/wp\/v2\/posts\/6777\/revisions"}],"predecessor-version":[{"id":6811,"href":"https:\/\/blog.fabricville.com\/fr\/wp-json\/wp\/v2\/posts\/6777\/revisions\/6811"}],"wp:featuredmedia":[{"embeddable":true,"href":"https:\/\/blog.fabricville.com\/fr\/wp-json\/wp\/v2\/media\/6789"}],"wp:attachment":[{"href":"https:\/\/blog.fabricville.com\/fr\/wp-json\/wp\/v2\/media?parent=6777"}],"wp:term":[{"taxonomy":"category","embeddable":true,"href":"https:\/\/blog.fabricville.com\/fr\/wp-json\/wp\/v2\/categories?post=6777"},{"taxonomy":"post_tag","embeddable":true,"href":"https:\/\/blog.fabricville.com\/fr\/wp-json\/wp\/v2\/tags?post=6777"}],"curies":[{"name":"wp","href":"https:\/\/api.w.org\/{rel}","templated":true}]}}