{"id":8949,"date":"2023-10-19T20:17:56","date_gmt":"2023-10-19T20:17:56","guid":{"rendered":"https:\/\/blog.fabricville.com\/?p=8949"},"modified":"2023-10-19T20:17:56","modified_gmt":"2023-10-19T20:17:56","slug":"the-cape-a-wise-fashion-choice","status":"publish","type":"post","link":"https:\/\/blog.fabricville.com\/fr\/the-cape-a-wise-fashion-choice\/","title":{"rendered":"La Cape : un choix mode judicieux"},"content":{"rendered":"<p><span style=\"font-weight: 400;\">Pour les jours automnaux et les temp\u00e9ratures un peu plus fra\u00eeches, rien de tel qu&rsquo;une \u00e9l\u00e9gante cape pour rester au chaud avec style. C&rsquo;est un v\u00eatement pratique qui allie chaleur et confort sans compromettre le sens du chic. La cape se r\u00e9v\u00e8le \u00eatre un accessoire de mode polyvalent, capable de sublimer n&rsquo;importe quelle tenue, qu&rsquo;il s&rsquo;agisse d&rsquo;un jean, d&rsquo;une robe ou d&rsquo;un pantalon habill\u00e9.<\/span><!--more--><\/p>\n<h2><img loading=\"lazy\" decoding=\"async\" class=\"aligncenter wp-image-9020 size-full\" src=\"https:\/\/blog.fabricville.com\/wp-content\/uploads\/2023\/10\/Cape-Magenta-plein-pied-e1697659795657.png\" alt=\"\" width=\"725\" height=\"1045\" srcset=\"https:\/\/blog.fabricville.com\/wp-content\/uploads\/2023\/10\/Cape-Magenta-plein-pied-e1697659795657.png 725w, https:\/\/blog.fabricville.com\/wp-content\/uploads\/2023\/10\/Cape-Magenta-plein-pied-e1697659795657-208x300.png 208w, https:\/\/blog.fabricville.com\/wp-content\/uploads\/2023\/10\/Cape-Magenta-plein-pied-e1697659795657-710x1024.png 710w\" sizes=\"(max-width: 725px) 100vw, 725px\" \/><\/h2>\n<h2><span style=\"font-weight: 400;\">Choix du patron et du tissu<\/span><\/h2>\n<p><span style=\"font-weight: 400;\">Pour mon projet, j&rsquo;ai opt\u00e9 pour le patron <\/span><a href=\"https:\/\/fabricville.com\/fr\/products\/v1818-misses-cape-tom-and-linda-platt\"><span style=\"font-weight: 400;\">V1818<\/span><\/a><span style=\"font-weight: 400;\"> de la c\u00e9l\u00e8bre marque Vogue, cr\u00e9\u00e9 par le talentueux duo de designers am\u00e9ricains, Tom et Linda Platt. Leur philosophie de conception, \u00ab\u00a0La vie est complexe, les v\u00eatements doivent \u00eatre simples !\u00a0\u00bb, se traduit par des pi\u00e8ces flatteuses aux silhouettes \u00e9pur\u00e9es et aux d\u00e9tails audacieux.<\/span><\/p>\n<p><span style=\"font-weight: 400;\"><br \/>\n<\/span><span style=\"font-weight: 400;\"><a href=\"https:\/\/fabricville.com\/fr\/products\/v1818-misses-cape-tom-and-linda-platt\"><img loading=\"lazy\" decoding=\"async\" class=\"aligncenter size-full wp-image-8982\" src=\"https:\/\/blog.fabricville.com\/wp-content\/uploads\/2023\/10\/patron-et-tissu-B6394.png\" alt=\"\" width=\"725\" height=\"400\" srcset=\"https:\/\/blog.fabricville.com\/wp-content\/uploads\/2023\/10\/patron-et-tissu-B6394.png 725w, https:\/\/blog.fabricville.com\/wp-content\/uploads\/2023\/10\/patron-et-tissu-B6394-300x166.png 300w, https:\/\/blog.fabricville.com\/wp-content\/uploads\/2023\/10\/patron-et-tissu-B6394-354x194.png 354w\" sizes=\"(max-width: 725px) 100vw, 725px\" \/><\/a><\/span><\/p>\n<p><span style=\"font-weight: 400;\">Lors de ma visite chez Fabricville \u00e0 la recherche du tissu id\u00e9al, j&rsquo;ai \u00e9t\u00e9 s\u00e9duite par le magnifique tissu pour manteau <\/span><a href=\"https:\/\/fabricville.com\/fr\/products\/coating-westminster-magenta?_pos=5&amp;_sid=7115c6dc4&amp;_ss=r\"><span style=\"font-weight: 400;\">Westminster<\/span><\/a><span style=\"font-weight: 400;\"> dans une teinte magenta captivante. En tant que fanatique des coloris vibrants, je suis tomb\u00e9e follement amoureuse de ce rose-rouge unique, une couleur qui non seulement attire l&rsquo;\u0153il mais qui se d\u00e9marque aussi parmi toutes les autres. Et devinez quoi ? La prestigieuse maison Pantone a couronn\u00e9 la nuance \u00ab\u00a0Viva Magenta\u00a0\u00bb en tant que couleur de l&rsquo;ann\u00e9e 2023 ! Hourra pour cette tendance puissante et revigorante qui nous fait vibrer de bonheur!<\/span><\/p>\n<p><img loading=\"lazy\" decoding=\"async\" class=\"aligncenter size-full wp-image-9018\" src=\"https:\/\/blog.fabricville.com\/wp-content\/uploads\/2023\/10\/V1818-tissu-FR.png\" alt=\"\" width=\"725\" height=\"400\" srcset=\"https:\/\/blog.fabricville.com\/wp-content\/uploads\/2023\/10\/V1818-tissu-FR.png 725w, https:\/\/blog.fabricville.com\/wp-content\/uploads\/2023\/10\/V1818-tissu-FR-300x166.png 300w, https:\/\/blog.fabricville.com\/wp-content\/uploads\/2023\/10\/V1818-tissu-FR-354x194.png 354w\" sizes=\"(max-width: 725px) 100vw, 725px\" \/><\/p>\n<h2><span style=\"font-weight: 400;\">La r\u00e9alisation<\/span><\/h2>\n<p><span style=\"font-weight: 400;\">Le mod\u00e8le de cette cape est ample et non doubl\u00e9. Elle pr\u00e9sente une double \u00e9paisseur (capeline), des bandes de devant, des ourlets cousus et des coins \u00e0 onglets. Le niveau de comp\u00e9tence en couture indiqu\u00e9 sur l\u2019enveloppe du patron est Average\/Moyen. Au total, il y a 6 pi\u00e8ces \u00e0 d\u00e9couper. Pour plus de rigidit\u00e9, le col et les devants doivent \u00eatre entoil\u00e9s.\u00a0<\/span><\/p>\n<p><span style=\"font-weight: 400;\">Arm\u00e9e de mon crayon effa\u00e7able et suivant scrupuleusement les conseils du patron, j&rsquo;ai trac\u00e9 chaque coin avec une pr\u00e9cision d&rsquo;orf\u00e8vre. Le r\u00e9sultat ? Des coutures impeccables, sans le moindre surplus de tissu ou de bourrelet ! Et tout cela, gr\u00e2ce \u00e0 ma fid\u00e8le compagne de couture, ma machine \u00e0 coudre \u00ab\u00a0Heavy Duty\u00a0\u00bb de Singer. Avec son moteur surpuissant, elle a dompt\u00e9 l\u2019\u00e9pais tissu avec une facilit\u00e9 d\u00e9concertante.<\/span><\/p>\n<p><span style=\"font-weight: 400;\">M\u00eame si ce patron semble facile, sa r\u00e9alisation ne s\u2019est pas faite en criant \u00ab ciseaux \u00bb! \ud83d\ude1d Il est crucial de faufiler manuellement les bords de la cape avant de la coudre d\u00e9finitivement. Cette \u00e9tape a pris beaucoup de temps, mais garantit des valeurs de couture uniformes pour un r\u00e9sultat haut de gamme.\u00a0<\/span><\/p>\n<p><img loading=\"lazy\" decoding=\"async\" class=\"aligncenter size-full wp-image-9016\" src=\"https:\/\/blog.fabricville.com\/wp-content\/uploads\/2023\/10\/V1818-La-realisation.png\" alt=\"\" width=\"725\" height=\"400\" \/><\/p>\n<p><span style=\"font-weight: 400;\">Lors de l&rsquo;essayage, j&rsquo;ai remarqu\u00e9 que la partie arrondie de la capeline au niveau des \u00e9paules \u00e9tait trop large pour ma silhouette. J&rsquo;ai donc d\u00e9cid\u00e9 de revoir le dessin en r\u00e9duisant la courbe d&rsquo;environ 1\u20442 pouce par rapport au trac\u00e9 original. Souvent, en couture, c\u2019est ce genre de petit ajustement qui fait toute la diff\u00e9rence.<\/span><\/p>\n<p><img loading=\"lazy\" decoding=\"async\" class=\"aligncenter wp-image-9022 size-full\" src=\"https:\/\/blog.fabricville.com\/wp-content\/uploads\/2023\/10\/V1818-Cape-Magenta-lunettes-scaled-e1697659721298.jpg\" alt=\"\" width=\"725\" height=\"1449\" srcset=\"https:\/\/blog.fabricville.com\/wp-content\/uploads\/2023\/10\/V1818-Cape-Magenta-lunettes-scaled-e1697659721298.jpg 725w, https:\/\/blog.fabricville.com\/wp-content\/uploads\/2023\/10\/V1818-Cape-Magenta-lunettes-scaled-e1697659721298-150x300.jpg 150w, https:\/\/blog.fabricville.com\/wp-content\/uploads\/2023\/10\/V1818-Cape-Magenta-lunettes-scaled-e1697659721298-512x1024.jpg 512w\" sizes=\"(max-width: 725px) 100vw, 725px\" \/><\/p>\n<p><span style=\"font-weight: 400;\">En r\u00e9sum\u00e9, la cape est un v\u00eatement polyvalent et \u00e9l\u00e9gant qui peut ajouter une touche de sophistication \u00e0 votre garde-robe d&rsquo;automne. Que vous la portiez pour vous r\u00e9chauffer lors d&rsquo;une promenade en plein air ou pour agr\u00e9menter votre tenue lors d&rsquo;une soir\u00e9e sp\u00e9ciale, la cape est un choix mode judicieux pour cette saison.<\/span><\/p>\n<p><img loading=\"lazy\" decoding=\"async\" class=\"aligncenter size-full wp-image-8968\" src=\"https:\/\/blog.fabricville.com\/wp-content\/uploads\/2023\/10\/V1818-Cape-magenta-face2-blog-1.jpg\" alt=\"\" width=\"725\" height=\"1172\" srcset=\"https:\/\/blog.fabricville.com\/wp-content\/uploads\/2023\/10\/V1818-Cape-magenta-face2-blog-1.jpg 725w, https:\/\/blog.fabricville.com\/wp-content\/uploads\/2023\/10\/V1818-Cape-magenta-face2-blog-1-186x300.jpg 186w, https:\/\/blog.fabricville.com\/wp-content\/uploads\/2023\/10\/V1818-Cape-magenta-face2-blog-1-633x1024.jpg 633w\" sizes=\"(max-width: 725px) 100vw, 725px\" \/><\/p>\n<p><img loading=\"lazy\" decoding=\"async\" class=\"aligncenter wp-image-9021\" src=\"https:\/\/blog.fabricville.com\/wp-content\/uploads\/2023\/10\/V1818-Cape-Magenta-Buste.png\" alt=\"\" width=\"725\" height=\"981\" srcset=\"https:\/\/blog.fabricville.com\/wp-content\/uploads\/2023\/10\/V1818-Cape-Magenta-Buste.png 1701w, https:\/\/blog.fabricville.com\/wp-content\/uploads\/2023\/10\/V1818-Cape-Magenta-Buste-222x300.png 222w, https:\/\/blog.fabricville.com\/wp-content\/uploads\/2023\/10\/V1818-Cape-Magenta-Buste-757x1024.png 757w, https:\/\/blog.fabricville.com\/wp-content\/uploads\/2023\/10\/V1818-Cape-Magenta-Buste-1135x1536.png 1135w, https:\/\/blog.fabricville.com\/wp-content\/uploads\/2023\/10\/V1818-Cape-Magenta-Buste-1513x2048.png 1513w, https:\/\/blog.fabricville.com\/wp-content\/uploads\/2023\/10\/V1818-Cape-Magenta-Buste-755x1022.png 755w\" sizes=\"(max-width: 725px) 100vw, 725px\" \/><\/p>","protected":false},"excerpt":{"rendered":"<p class=\"qtranxs-available-languages-message qtranxs-available-languages-message-fr\">D\u00e9sol\u00e9, cet article est seulement disponible en Anglais.<\/p>\n<p>For autumnal days and slightly cooler temperatures, there&rsquo;s nothing quite like an elegant cape to keep warm in style. It&rsquo;s a practical garment that combines warmth and comfort without compromising on chic. The cape proves to be a versatile fashion accessory, capable of enhancing any outfit, whether it&rsquo;s jeans, a dress, or tailored trousers.<\/p>\n<p>  <a href=\"https:\/\/blog.fabricville.com\/fr\/the-cape-a-wise-fashion-choice\/\">&nbsp;&raquo;&nbsp;Read more about: La Cape : un choix mode judicieux &nbsp;&raquo;<\/a><\/p>\n","protected":false},"author":39,"featured_media":9013,"comment_status":"closed","ping_status":"closed","sticky":false,"template":"","format":"standard","meta":{"footnotes":""},"categories":[40],"tags":[66,244,408,410,405,270,271,407,2,334],"class_list":["post-8949","post","type-post","status-publish","format-standard","has-post-thumbnail","hentry","category-fashion","tag-cape","tag-couture","tag-magenta","tag-pattern","tag-plus-size-sewing-project","tag-sew","tag-sewing-project","tag-v1818","tag-vogue","tag-voguepatterns"],"yoast_head":"<!-- This site is optimized with the Yoast SEO plugin v25.6 - https:\/\/yoast.com\/wordpress\/plugins\/seo\/ -->\n<title>La Cape : un choix mode judicieux | Fabricville | Blog<\/title>\n<meta name=\"robots\" content=\"index, follow, max-snippet:-1, max-image-preview:large, max-video-preview:-1\" \/>\n<link rel=\"canonical\" href=\"https:\/\/blog.fabricville.com\/the-cape-a-wise-fashion-choice\/\" \/>\n<meta property=\"og:locale\" content=\"fr_FR\" \/>\n<meta property=\"og:type\" content=\"article\" \/>\n<meta property=\"og:title\" content=\"La Cape : un choix mode judicieux | Fabricville | Blog\" \/>\n<meta property=\"og:description\" content=\"D\u00e9sol\u00e9, cet article est seulement disponible en Anglais.For autumnal days and slightly cooler temperatures, there&rsquo;s nothing quite like an elegant cape to keep warm in style. It&rsquo;s a practical garment that combines warmth and comfort without compromising on chic. The cape proves to be a versatile fashion accessory, capable of enhancing any outfit, whether it&rsquo;s jeans, a dress, or tailored trousers. &nbsp;&raquo;&nbsp;Read more about: La Cape : un choix mode judicieux &nbsp;&raquo;\" \/>\n<meta property=\"og:url\" content=\"https:\/\/blog.fabricville.com\/the-cape-a-wise-fashion-choice\/\" \/>\n<meta property=\"og:site_name\" content=\"Fabricville | Blog\" \/>\n<meta property=\"article:publisher\" content=\"https:\/\/www.facebook.com\/fabricville\" \/>\n<meta property=\"article:author\" content=\"https:\/\/www.facebook.com\/lesclaudines\/?ref=bookmarks\" \/>\n<meta property=\"article:published_time\" content=\"2023-10-19T20:17:56+00:00\" \/>\n<meta property=\"og:image\" content=\"https:\/\/blog.fabricville.com\/wp-content\/uploads\/2023\/10\/V1818-page-titre-1.png\" \/>\n\t<meta property=\"og:image:width\" content=\"725\" \/>\n\t<meta property=\"og:image:height\" content=\"400\" \/>\n\t<meta property=\"og:image:type\" content=\"image\/png\" \/>\n<meta name=\"author\" content=\"Claudine Gauvin\" \/>\n<meta name=\"twitter:card\" content=\"summary_large_image\" \/>\n<meta name=\"twitter:creator\" content=\"@fabricville\" \/>\n<meta name=\"twitter:site\" content=\"@fabricville\" \/>\n<meta name=\"twitter:label1\" content=\"\u00c9crit par\" \/>\n\t<meta name=\"twitter:data1\" content=\"Claudine Gauvin\" \/>\n\t<meta name=\"twitter:label2\" content=\"Dur\u00e9e de lecture estim\u00e9e\" \/>\n\t<meta name=\"twitter:data2\" content=\"4 minutes\" \/>\n<script type=\"application\/ld+json\" class=\"yoast-schema-graph\">{\"@context\":\"https:\/\/schema.org\",\"@graph\":[{\"@type\":\"WebPage\",\"@id\":\"https:\/\/blog.fabricville.com\/the-cape-a-wise-fashion-choice\/\",\"url\":\"https:\/\/blog.fabricville.com\/the-cape-a-wise-fashion-choice\/\",\"name\":\"La Cape : un choix mode judicieux | Fabricville | Blog\",\"isPartOf\":{\"@id\":\"https:\/\/blog.fabricville.com\/en\/#website\"},\"primaryImageOfPage\":{\"@id\":\"https:\/\/blog.fabricville.com\/the-cape-a-wise-fashion-choice\/#primaryimage\"},\"image\":{\"@id\":\"https:\/\/blog.fabricville.com\/the-cape-a-wise-fashion-choice\/#primaryimage\"},\"thumbnailUrl\":\"https:\/\/blog.fabricville.com\/wp-content\/uploads\/2023\/10\/V1818-page-titre-1.png\",\"datePublished\":\"2023-10-19T20:17:56+00:00\",\"author\":{\"@id\":\"https:\/\/blog.fabricville.com\/en\/#\/schema\/person\/32fe9ba28f5abb4337780f53d59eeb01\"},\"breadcrumb\":{\"@id\":\"https:\/\/blog.fabricville.com\/the-cape-a-wise-fashion-choice\/#breadcrumb\"},\"inLanguage\":\"fr-FR\",\"potentialAction\":[{\"@type\":\"ReadAction\",\"target\":[\"https:\/\/blog.fabricville.com\/the-cape-a-wise-fashion-choice\/\"]}]},{\"@type\":\"ImageObject\",\"inLanguage\":\"fr-FR\",\"@id\":\"https:\/\/blog.fabricville.com\/the-cape-a-wise-fashion-choice\/#primaryimage\",\"url\":\"https:\/\/blog.fabricville.com\/wp-content\/uploads\/2023\/10\/V1818-page-titre-1.png\",\"contentUrl\":\"https:\/\/blog.fabricville.com\/wp-content\/uploads\/2023\/10\/V1818-page-titre-1.png\",\"width\":725,\"height\":400},{\"@type\":\"BreadcrumbList\",\"@id\":\"https:\/\/blog.fabricville.com\/the-cape-a-wise-fashion-choice\/#breadcrumb\",\"itemListElement\":[{\"@type\":\"ListItem\",\"position\":1,\"name\":\"Home\",\"item\":\"https:\/\/blog.fabricville.com\/en\/\"},{\"@type\":\"ListItem\",\"position\":2,\"name\":\"The Cape: A Wise Fashion Choice\"}]},{\"@type\":\"WebSite\",\"@id\":\"https:\/\/blog.fabricville.com\/en\/#website\",\"url\":\"https:\/\/blog.fabricville.com\/en\/\",\"name\":\"Fabricville | Blog\",\"description\":\"\",\"potentialAction\":[{\"@type\":\"SearchAction\",\"target\":{\"@type\":\"EntryPoint\",\"urlTemplate\":\"https:\/\/blog.fabricville.com\/en\/?s={search_term_string}\"},\"query-input\":{\"@type\":\"PropertyValueSpecification\",\"valueRequired\":true,\"valueName\":\"search_term_string\"}}],\"inLanguage\":\"fr-FR\"},{\"@type\":\"Person\",\"@id\":\"https:\/\/blog.fabricville.com\/en\/#\/schema\/person\/32fe9ba28f5abb4337780f53d59eeb01\",\"name\":\"Claudine Gauvin\",\"image\":{\"@type\":\"ImageObject\",\"inLanguage\":\"fr-FR\",\"@id\":\"https:\/\/blog.fabricville.com\/en\/#\/schema\/person\/image\/\",\"url\":\"https:\/\/blog.fabricville.com\/wp-content\/uploads\/2026\/04\/Untitled-design.png\",\"contentUrl\":\"https:\/\/blog.fabricville.com\/wp-content\/uploads\/2026\/04\/Untitled-design.png\",\"caption\":\"Claudine Gauvin\"},\"sameAs\":[\"http:\/\/Lesclaudines.com\",\"https:\/\/www.facebook.com\/lesclaudines\/?ref=bookmarks\",\"https:\/\/www.instagram.com\/lesclaudines\/\",\"https:\/\/pin.it\/1UDGwO2\",\"cgauvin14@gmail.com\"],\"url\":\"https:\/\/blog.fabricville.com\/fr\/author\/claudine-gauvin\/\"}]}<\/script>\n<!-- \/ Yoast SEO plugin. -->","yoast_head_json":{"title":"La Cape : un choix mode judicieux | Fabricville | Blog","robots":{"index":"index","follow":"follow","max-snippet":"max-snippet:-1","max-image-preview":"max-image-preview:large","max-video-preview":"max-video-preview:-1"},"canonical":"https:\/\/blog.fabricville.com\/the-cape-a-wise-fashion-choice\/","og_locale":"fr_FR","og_type":"article","og_title":"La Cape : un choix mode judicieux | Fabricville | Blog","og_description":"D\u00e9sol\u00e9, cet article est seulement disponible en Anglais.For autumnal days and slightly cooler temperatures, there&rsquo;s nothing quite like an elegant cape to keep warm in style. It&rsquo;s a practical garment that combines warmth and comfort without compromising on chic. The cape proves to be a versatile fashion accessory, capable of enhancing any outfit, whether it&rsquo;s jeans, a dress, or tailored trousers. &nbsp;&raquo;&nbsp;Read more about: La Cape : un choix mode judicieux &nbsp;&raquo;","og_url":"https:\/\/blog.fabricville.com\/the-cape-a-wise-fashion-choice\/","og_site_name":"Fabricville | Blog","article_publisher":"https:\/\/www.facebook.com\/fabricville","article_author":"https:\/\/www.facebook.com\/lesclaudines\/?ref=bookmarks","article_published_time":"2023-10-19T20:17:56+00:00","og_image":[{"width":725,"height":400,"url":"https:\/\/blog.fabricville.com\/wp-content\/uploads\/2023\/10\/V1818-page-titre-1.png","type":"image\/png"}],"author":"Claudine Gauvin","twitter_card":"summary_large_image","twitter_creator":"@fabricville","twitter_site":"@fabricville","twitter_misc":{"\u00c9crit par":"Claudine Gauvin","Dur\u00e9e de lecture estim\u00e9e":"4 minutes"},"schema":{"@context":"https:\/\/schema.org","@graph":[{"@type":"WebPage","@id":"https:\/\/blog.fabricville.com\/the-cape-a-wise-fashion-choice\/","url":"https:\/\/blog.fabricville.com\/the-cape-a-wise-fashion-choice\/","name":"La Cape : un choix mode judicieux | Fabricville | Blog","isPartOf":{"@id":"https:\/\/blog.fabricville.com\/en\/#website"},"primaryImageOfPage":{"@id":"https:\/\/blog.fabricville.com\/the-cape-a-wise-fashion-choice\/#primaryimage"},"image":{"@id":"https:\/\/blog.fabricville.com\/the-cape-a-wise-fashion-choice\/#primaryimage"},"thumbnailUrl":"https:\/\/blog.fabricville.com\/wp-content\/uploads\/2023\/10\/V1818-page-titre-1.png","datePublished":"2023-10-19T20:17:56+00:00","author":{"@id":"https:\/\/blog.fabricville.com\/en\/#\/schema\/person\/32fe9ba28f5abb4337780f53d59eeb01"},"breadcrumb":{"@id":"https:\/\/blog.fabricville.com\/the-cape-a-wise-fashion-choice\/#breadcrumb"},"inLanguage":"fr-FR","potentialAction":[{"@type":"ReadAction","target":["https:\/\/blog.fabricville.com\/the-cape-a-wise-fashion-choice\/"]}]},{"@type":"ImageObject","inLanguage":"fr-FR","@id":"https:\/\/blog.fabricville.com\/the-cape-a-wise-fashion-choice\/#primaryimage","url":"https:\/\/blog.fabricville.com\/wp-content\/uploads\/2023\/10\/V1818-page-titre-1.png","contentUrl":"https:\/\/blog.fabricville.com\/wp-content\/uploads\/2023\/10\/V1818-page-titre-1.png","width":725,"height":400},{"@type":"BreadcrumbList","@id":"https:\/\/blog.fabricville.com\/the-cape-a-wise-fashion-choice\/#breadcrumb","itemListElement":[{"@type":"ListItem","position":1,"name":"Home","item":"https:\/\/blog.fabricville.com\/en\/"},{"@type":"ListItem","position":2,"name":"The Cape: A Wise Fashion Choice"}]},{"@type":"WebSite","@id":"https:\/\/blog.fabricville.com\/en\/#website","url":"https:\/\/blog.fabricville.com\/en\/","name":"Fabricville | Blog","description":"","potentialAction":[{"@type":"SearchAction","target":{"@type":"EntryPoint","urlTemplate":"https:\/\/blog.fabricville.com\/en\/?s={search_term_string}"},"query-input":{"@type":"PropertyValueSpecification","valueRequired":true,"valueName":"search_term_string"}}],"inLanguage":"fr-FR"},{"@type":"Person","@id":"https:\/\/blog.fabricville.com\/en\/#\/schema\/person\/32fe9ba28f5abb4337780f53d59eeb01","name":"Claudine Gauvin","image":{"@type":"ImageObject","inLanguage":"fr-FR","@id":"https:\/\/blog.fabricville.com\/en\/#\/schema\/person\/image\/","url":"https:\/\/blog.fabricville.com\/wp-content\/uploads\/2026\/04\/Untitled-design.png","contentUrl":"https:\/\/blog.fabricville.com\/wp-content\/uploads\/2026\/04\/Untitled-design.png","caption":"Claudine Gauvin"},"sameAs":["http:\/\/Lesclaudines.com","https:\/\/www.facebook.com\/lesclaudines\/?ref=bookmarks","https:\/\/www.instagram.com\/lesclaudines\/","https:\/\/pin.it\/1UDGwO2","cgauvin14@gmail.com"],"url":"https:\/\/blog.fabricville.com\/fr\/author\/claudine-gauvin\/"}]}},"_links":{"self":[{"href":"https:\/\/blog.fabricville.com\/fr\/wp-json\/wp\/v2\/posts\/8949"}],"collection":[{"href":"https:\/\/blog.fabricville.com\/fr\/wp-json\/wp\/v2\/posts"}],"about":[{"href":"https:\/\/blog.fabricville.com\/fr\/wp-json\/wp\/v2\/types\/post"}],"author":[{"embeddable":true,"href":"https:\/\/blog.fabricville.com\/fr\/wp-json\/wp\/v2\/users\/39"}],"replies":[{"embeddable":true,"href":"https:\/\/blog.fabricville.com\/fr\/wp-json\/wp\/v2\/comments?post=8949"}],"version-history":[{"count":33,"href":"https:\/\/blog.fabricville.com\/fr\/wp-json\/wp\/v2\/posts\/8949\/revisions"}],"predecessor-version":[{"id":9059,"href":"https:\/\/blog.fabricville.com\/fr\/wp-json\/wp\/v2\/posts\/8949\/revisions\/9059"}],"wp:featuredmedia":[{"embeddable":true,"href":"https:\/\/blog.fabricville.com\/fr\/wp-json\/wp\/v2\/media\/9013"}],"wp:attachment":[{"href":"https:\/\/blog.fabricville.com\/fr\/wp-json\/wp\/v2\/media?parent=8949"}],"wp:term":[{"taxonomy":"category","embeddable":true,"href":"https:\/\/blog.fabricville.com\/fr\/wp-json\/wp\/v2\/categories?post=8949"},{"taxonomy":"post_tag","embeddable":true,"href":"https:\/\/blog.fabricville.com\/fr\/wp-json\/wp\/v2\/tags?post=8949"}],"curies":[{"name":"wp","href":"https:\/\/api.w.org\/{rel}","templated":true}]}}